{"id":9834,"date":"2023-04-11T10:35:00","date_gmt":"2023-04-11T08:35:00","guid":{"rendered":"https:\/\/www.vaniperen.com\/fr\/?p=9834"},"modified":"2023-06-02T09:02:11","modified_gmt":"2023-06-02T07:02:11","slug":"plants-for-plants-nomine-pour-les-life-awards-2023","status":"publish","type":"post","link":"https:\/\/www.vaniperen.com\/fr\/plants-for-plants-nomine-pour-les-life-awards-2023\/","title":{"rendered":"Plants for Plants\u00ae nomin\u00e9 aux LIFE Awards 2023"},"content":{"rendered":"<p>Van Iperen International et LandLab sont ravis d&rsquo;annoncer que <strong>Plants for Plants\u00ae<\/strong> a \u00e9t\u00e9 nomin\u00e9 parmi les trois finalistes des prestigieux <strong>LIFE Awards 2023<\/strong> dans la cat\u00e9gorie Environnement. Les gagnants, choisis par un jury d&rsquo;experts, seront annonc\u00e9s lors d&rsquo;une c\u00e9r\u00e9monie <strong>le 6 juin \u00e0 Bruxelles<\/strong>.<\/p>\n<p><img loading=\"lazy\" decoding=\"async\" class=\"aligncenter wp-image-9837\" src=\"https:\/\/www.vaniperen.com\/fr\/wp-content\/uploads\/sites\/2\/2023\/04\/VII-FR-Plants-for-Plants\u00ae-nomine-pour-les-LIFE-Awards-2023-landscape-1024x724.jpg\" alt=\"\" width=\"800\" height=\"565\" srcset=\"https:\/\/www.vaniperen.com\/fr\/wp-content\/uploads\/sites\/2\/2023\/04\/VII-FR-Plants-for-Plants\u00ae-nomine-pour-les-LIFE-Awards-2023-landscape-1024x724.jpg?image-crop-positioner-ts=1681201734 1024w, https:\/\/www.vaniperen.com\/fr\/wp-content\/uploads\/sites\/2\/2023\/04\/VII-FR-Plants-for-Plants\u00ae-nomine-pour-les-LIFE-Awards-2023-landscape-768x543.jpg?image-crop-positioner-ts=1681201734 768w, https:\/\/www.vaniperen.com\/fr\/wp-content\/uploads\/sites\/2\/2023\/04\/VII-FR-Plants-for-Plants\u00ae-nomine-pour-les-LIFE-Awards-2023-landscape-320x226.jpg?image-crop-positioner-ts=1681201734 320w, https:\/\/www.vaniperen.com\/fr\/wp-content\/uploads\/sites\/2\/2023\/04\/VII-FR-Plants-for-Plants\u00ae-nomine-pour-les-LIFE-Awards-2023-landscape-100x71.jpg?image-crop-positioner-ts=1681201734 100w, https:\/\/www.vaniperen.com\/fr\/wp-content\/uploads\/sites\/2\/2023\/04\/VII-FR-Plants-for-Plants\u00ae-nomine-pour-les-LIFE-Awards-2023-landscape.jpg?image-crop-positioner-ts=1681201734 1415w\" sizes=\"auto, (max-width: 800px) 100vw, 800px\" \/><\/p>\n<p>Les <strong><a href=\"https:\/\/cinea.ec.europa.eu\/news-events\/events\/life-awards-2023-2023-06-06-0_fr\" target=\"_blank\" rel=\"noopener\">LIFE Awards<\/a><\/strong> sont une initiative de l&rsquo;UE et r\u00e9compensent les projets LIFE les plus innovants, inspirants et efficaces dans les trois cat\u00e9gories\u00a0: protection de la nature, environnement et action pour le climat. En plus des LIFE Awards 2023, Plants for Plants\u00ae est en comp\u00e9tition pour le <a href=\"https:\/\/www.lifeawards.eu\/\" target=\"_blank\" rel=\"noopener\"><strong>LIFE Citizens&rsquo; Prize<\/strong><\/a> avec autres projets, o\u00f9 le grand public peut voter en ligne pour son initiative pr\u00e9f\u00e9r\u00e9e. <a href=\"https:\/\/www.lifeawards.eu\/\"><strong>Votez pour Plants for Plants\u00ae maintenant !<\/strong><\/a><\/p>\n<p><a href=\"https:\/\/www.vaniperen.com\/fr\/projet-plants-for-plants\/\" target=\"_blank\" rel=\"noopener\"><strong>Plants for Plants\u00ae<\/strong><\/a> est une nouvelle g\u00e9n\u00e9ration de biostimulants \u00e0 base de v\u00e9g\u00e9taux, enti\u00e8rement contr\u00f4l\u00e9s de la source au produit final. Il est biologique, sans danger pour les utilisateurs, les consommateurs et la plan\u00e8te car il s&rsquo;agit d&rsquo;un produit 100% naturel suivant un processus de qualit\u00e9 alimentaire.<\/p>\n<p>Pendant une p\u00e9riode d&rsquo;environ 10 ans, <strong><a href=\"https:\/\/landlab.net\/\" target=\"_blank\" rel=\"noopener\">LandLab<\/a><\/strong>, conjointement avec Van Iperen International, a travaill\u00e9 pour rechercher, d\u00e9velopper, <a href=\"https:\/\/www.vaniperen.com\/fr\/projet-plants-for-plants\/resultats-des-essais-plants-for-plants\/\" target=\"_blank\" rel=\"noopener\"><strong>tester sur le terrain<\/strong><\/a> et \u00e9tayer par des donn\u00e9es scientifiques, l&rsquo;efficacit\u00e9 du concept Plants for Plants\u00ae dans la promotion d&rsquo;une nutrition durable en agriculture. En 2022, Van Iperen International a lanc\u00e9 les trois premiers produits de la gamme Plants for Plants\u00ae:<\/p>\n<ul>\n<li><a href=\"https:\/\/www.vaniperen.com\/fr\/produits\/plants-for-plants-4-vita\/\"><strong>P4P 4-Vita<\/strong><\/a>, ciblant l&rsquo;efficacit\u00e9 de l&rsquo;utilisation de l&rsquo;eau pour l&rsquo;application foliaire;<\/li>\n<li><a href=\"https:\/\/www.vaniperen.com\/fr\/produits\/plants-for-plants-4-good\/\" target=\"_blank\" rel=\"noopener\"><strong>P4P 4-Good<\/strong><\/a>, ciblant l&rsquo;efficacit\u00e9 d&rsquo;utilisation des nutriments \u00e9galement pour l&rsquo;application foliaire;<\/li>\n<li><a href=\"https:\/\/www.vaniperen.com\/fr\/produits\/plants-for-plants-4-terra\/\"><strong>P4P 4-Terra<\/strong><\/a>, ciblant l&rsquo;efficacit\u00e9 d&rsquo;utilisation des nutriments pour la fertirrigation.<\/li>\n<\/ul>\n<p><img loading=\"lazy\" decoding=\"async\" class=\"alignnone wp-image-9849\" src=\"https:\/\/www.vaniperen.com\/fr\/wp-content\/uploads\/sites\/2\/2023\/04\/VII-FR-P4P-4-Good-whatsapp-assets-800x650-1.png\" alt=\"\" width=\"219\" height=\"270\" srcset=\"https:\/\/www.vaniperen.com\/fr\/wp-content\/uploads\/sites\/2\/2023\/04\/VII-FR-P4P-4-Good-whatsapp-assets-800x650-1.png?image-crop-positioner-ts=1681203123 650w, https:\/\/www.vaniperen.com\/fr\/wp-content\/uploads\/sites\/2\/2023\/04\/VII-FR-P4P-4-Good-whatsapp-assets-800x650-1-624x768.png?image-crop-positioner-ts=1681203123 624w, https:\/\/www.vaniperen.com\/fr\/wp-content\/uploads\/sites\/2\/2023\/04\/VII-FR-P4P-4-Good-whatsapp-assets-800x650-1-320x394.png?image-crop-positioner-ts=1681203123 320w, https:\/\/www.vaniperen.com\/fr\/wp-content\/uploads\/sites\/2\/2023\/04\/VII-FR-P4P-4-Good-whatsapp-assets-800x650-1-81x100.png?image-crop-positioner-ts=1681203123 81w\" sizes=\"auto, (max-width: 219px) 100vw, 219px\" \/><img loading=\"lazy\" decoding=\"async\" class=\"alignnone wp-image-9848\" src=\"https:\/\/www.vaniperen.com\/fr\/wp-content\/uploads\/sites\/2\/2023\/04\/VII-FR-P4P-4-Vita-whatsapp-assets-800x650-1.png\" alt=\"\" width=\"219\" height=\"270\" srcset=\"https:\/\/www.vaniperen.com\/fr\/wp-content\/uploads\/sites\/2\/2023\/04\/VII-FR-P4P-4-Vita-whatsapp-assets-800x650-1.png?image-crop-positioner-ts=1681203113 650w, https:\/\/www.vaniperen.com\/fr\/wp-content\/uploads\/sites\/2\/2023\/04\/VII-FR-P4P-4-Vita-whatsapp-assets-800x650-1-624x768.png?image-crop-positioner-ts=1681203113 624w, https:\/\/www.vaniperen.com\/fr\/wp-content\/uploads\/sites\/2\/2023\/04\/VII-FR-P4P-4-Vita-whatsapp-assets-800x650-1-320x394.png?image-crop-positioner-ts=1681203113 320w, https:\/\/www.vaniperen.com\/fr\/wp-content\/uploads\/sites\/2\/2023\/04\/VII-FR-P4P-4-Vita-whatsapp-assets-800x650-1-81x100.png?image-crop-positioner-ts=1681203113 81w\" sizes=\"auto, (max-width: 219px) 100vw, 219px\" \/><img loading=\"lazy\" decoding=\"async\" class=\"alignnone wp-image-9847\" src=\"https:\/\/www.vaniperen.com\/fr\/wp-content\/uploads\/sites\/2\/2023\/04\/VII-FR-P4P-4-Terra-whatsapp-assets-800x650-1.png\" alt=\"\" width=\"219\" height=\"270\" srcset=\"https:\/\/www.vaniperen.com\/fr\/wp-content\/uploads\/sites\/2\/2023\/04\/VII-FR-P4P-4-Terra-whatsapp-assets-800x650-1.png?image-crop-positioner-ts=1681203104 650w, https:\/\/www.vaniperen.com\/fr\/wp-content\/uploads\/sites\/2\/2023\/04\/VII-FR-P4P-4-Terra-whatsapp-assets-800x650-1-624x768.png?image-crop-positioner-ts=1681203104 624w, https:\/\/www.vaniperen.com\/fr\/wp-content\/uploads\/sites\/2\/2023\/04\/VII-FR-P4P-4-Terra-whatsapp-assets-800x650-1-320x394.png?image-crop-positioner-ts=1681203104 320w, https:\/\/www.vaniperen.com\/fr\/wp-content\/uploads\/sites\/2\/2023\/04\/VII-FR-P4P-4-Terra-whatsapp-assets-800x650-1-81x100.png?image-crop-positioner-ts=1681203104 81w\" sizes=\"auto, (max-width: 219px) 100vw, 219px\" \/><\/p>\n<h3><span style=\"text-decoration: underline;\">Le r\u00f4le de l&rsquo;agriculture durable dans la cr\u00e9ation d&rsquo;un avenir plus durable<\/span><\/h3>\n<p>La s\u00e9lection de Plants for Plants\u00ae en tant que finaliste parmi de nombreux autres <a href=\"https:\/\/cinea.ec.europa.eu\/programmes\/life_en\" target=\"_blank\" rel=\"noopener\"><strong>projets LIFE<\/strong><\/a> montre son impact important sur l&rsquo;environnement, aujourd&rsquo;hui et \u00e0 l&rsquo;avenir. \u201cLa nomination du projet Plants for Plants\u00ae aux Life Awards 2023 t\u00e9moigne de l&rsquo;impact et de l&rsquo;importance de l&rsquo;agriculture durable dans la cr\u00e9ation d&rsquo;un avenir plus durable\u201d, d\u00e9clare <strong>Erik van den Bergh<\/strong>, directeur g\u00e9n\u00e9ral de Van Iperen International. <strong>Adriano Altissimo<\/strong>, directeur de LandLab, s&rsquo;est joint \u00e0 la c\u00e9l\u00e9bration de la nomination: \u201cEn tant qu&rsquo;initiateur et d\u00e9veloppeur de concepts Plants for Plants\u00ae, nous sommes honor\u00e9s d&rsquo;avoir \u00e9t\u00e9 nomin\u00e9s pour les LIFE Awards 2023 parmi plusieurs centaines de candidatures, les LIFE Awards sont une <strong>reconnaissance prestigieuse<\/strong> pour des initiatives environnementales et climatiques, et nous sommes fiers d&rsquo;\u00eatre consid\u00e9r\u00e9s parmi ces nomin\u00e9s dignes\u201d.<\/p>\n<p>De la part de Van Iperen International et LandLab, nous remercions \u00e9galement les autres b\u00e9n\u00e9ficiaires du projet LIFE, <strong><a href=\"https:\/\/www.unipd.it\/en\/\" target=\"_blank\" rel=\"noopener\">Universit\u00e9 de Padoue<\/a><\/strong>, <strong><a href=\"https:\/\/www.euroliquids.com\/\">Euroliquids<\/a> <\/strong>et <a href=\"https:\/\/www.hutton.ac.uk\/\" target=\"_blank\" rel=\"noopener\"><strong>James Hutton Institute<\/strong><\/a> et souhaitons bonne chance \u00e0 tous les autres nomin\u00e9s qui partagent notre engagement \u00e0 cr\u00e9er un avenir plus durable.<\/p>\n","protected":false},"excerpt":{"rendered":"<p>Van Iperen International et LandLab sont ravis d&rsquo;annoncer que Plants for Plants\u00ae a \u00e9t\u00e9 nomin\u00e9 parmi les trois finalistes des&#8230;<\/p>\n","protected":false},"author":16,"featured_media":9838,"comment_status":"closed","ping_status":"closed","sticky":false,"template":"","format":"standard","meta":{"_acf_changed":false,"_trash_the_other_posts":false,"_monsterinsights_skip_tracking":false,"_monsterinsights_sitenote_active":false,"_monsterinsights_sitenote_note":"","_monsterinsights_sitenote_category":0,"editor_notices":[],"footnotes":""},"class_list":["post-9834","post","type-post","status-publish","format-standard","has-post-thumbnail","hentry"],"acf":[],"yoast_head":"<!-- This site is optimized with the Yoast SEO Premium plugin v27.3 (Yoast SEO v27.3) - https:\/\/yoast.com\/product\/yoast-seo-premium-wordpress\/ -->\n<title>Plants for Plants\u00ae nomin\u00e9 aux LIFE Awards 2023 - Van Iperen France<\/title>\n<meta name=\"description\" content=\"Le projet Plants for Plants\u00ae (P4P), les biostimulants \u00e0 base de plantes, a \u00e9t\u00e9 nomin\u00e9 comme finaliste des LIFE Awards 2023 par l&#039;UE\" \/>\n<meta name=\"robots\" content=\"index, follow, max-snippet:-1, max-image-preview:large, max-video-preview:-1\" \/>\n<link rel=\"canonical\" href=\"https:\/\/www.vaniperen.com\/fr\/plants-for-plants-nomine-pour-les-life-awards-2023\/\" \/>\n<meta property=\"og:locale\" content=\"fr_FR\" \/>\n<meta property=\"og:type\" content=\"article\" \/>\n<meta property=\"og:title\" content=\"Plants for Plants\u00ae nomin\u00e9 aux LIFE Awards 2023\" \/>\n<meta property=\"og:description\" content=\"Le projet Plants for Plants\u00ae (P4P), les biostimulants \u00e0 base de plantes, a \u00e9t\u00e9 nomin\u00e9 comme finaliste des LIFE Awards 2023 par l&#039;UE\" \/>\n<meta property=\"og:url\" content=\"https:\/\/www.vaniperen.com\/fr\/plants-for-plants-nomine-pour-les-life-awards-2023\/\" \/>\n<meta property=\"og:site_name\" content=\"Van Iperen France\" \/>\n<meta property=\"article:published_time\" content=\"2023-04-11T08:35:00+00:00\" \/>\n<meta property=\"article:modified_time\" content=\"2023-06-02T07:02:11+00:00\" \/>\n<meta property=\"og:image\" content=\"https:\/\/www.vaniperen.com\/fr\/wp-content\/uploads\/sites\/2\/2023\/04\/VII-FR-P4P-nomination-LIFE-Awards-2023-news-articles.png?image-crop-positioner-ts=1681201745\" \/>\n\t<meta property=\"og:image:width\" content=\"800\" \/>\n\t<meta property=\"og:image:height\" content=\"800\" \/>\n\t<meta property=\"og:image:type\" content=\"image\/png\" \/>\n<meta name=\"author\" content=\"Pedro Larios\" \/>\n<meta name=\"twitter:card\" content=\"summary_large_image\" \/>\n<meta name=\"twitter:label1\" content=\"\u00c9crit par\" \/>\n\t<meta name=\"twitter:data1\" content=\"Pedro Larios\" \/>\n\t<meta name=\"twitter:label2\" content=\"Dur\u00e9e de lecture estim\u00e9e\" \/>\n\t<meta name=\"twitter:data2\" content=\"4 minutes\" \/>\n<script type=\"application\/ld+json\" class=\"yoast-schema-graph\">{\"@context\":\"https:\\\/\\\/schema.org\",\"@graph\":[{\"@type\":\"Article\",\"@id\":\"https:\\\/\\\/www.vaniperen.com\\\/fr\\\/plants-for-plants-nomine-pour-les-life-awards-2023\\\/#article\",\"isPartOf\":{\"@id\":\"https:\\\/\\\/www.vaniperen.com\\\/fr\\\/plants-for-plants-nomine-pour-les-life-awards-2023\\\/\"},\"author\":{\"name\":\"Pedro Larios\",\"@id\":\"https:\\\/\\\/www.vaniperen.com\\\/fr\\\/#\\\/schema\\\/person\\\/90e2a22c89a46d7372af784d14cf67cb\"},\"headline\":\"Plants for Plants\u00ae nomin\u00e9 aux LIFE Awards 2023\",\"datePublished\":\"2023-04-11T08:35:00+00:00\",\"dateModified\":\"2023-06-02T07:02:11+00:00\",\"mainEntityOfPage\":{\"@id\":\"https:\\\/\\\/www.vaniperen.com\\\/fr\\\/plants-for-plants-nomine-pour-les-life-awards-2023\\\/\"},\"wordCount\":504,\"image\":{\"@id\":\"https:\\\/\\\/www.vaniperen.com\\\/fr\\\/plants-for-plants-nomine-pour-les-life-awards-2023\\\/#primaryimage\"},\"thumbnailUrl\":\"https:\\\/\\\/www.vaniperen.com\\\/fr\\\/wp-content\\\/uploads\\\/sites\\\/2\\\/2023\\\/04\\\/VII-FR-P4P-nomination-LIFE-Awards-2023-news-articles.png?image-crop-positioner-ts=1681201745\",\"inLanguage\":\"fr-FR\"},{\"@type\":\"WebPage\",\"@id\":\"https:\\\/\\\/www.vaniperen.com\\\/fr\\\/plants-for-plants-nomine-pour-les-life-awards-2023\\\/\",\"url\":\"https:\\\/\\\/www.vaniperen.com\\\/fr\\\/plants-for-plants-nomine-pour-les-life-awards-2023\\\/\",\"name\":\"Plants for Plants\u00ae nomin\u00e9 aux LIFE Awards 2023 - Van Iperen France\",\"isPartOf\":{\"@id\":\"https:\\\/\\\/www.vaniperen.com\\\/fr\\\/#website\"},\"primaryImageOfPage\":{\"@id\":\"https:\\\/\\\/www.vaniperen.com\\\/fr\\\/plants-for-plants-nomine-pour-les-life-awards-2023\\\/#primaryimage\"},\"image\":{\"@id\":\"https:\\\/\\\/www.vaniperen.com\\\/fr\\\/plants-for-plants-nomine-pour-les-life-awards-2023\\\/#primaryimage\"},\"thumbnailUrl\":\"https:\\\/\\\/www.vaniperen.com\\\/fr\\\/wp-content\\\/uploads\\\/sites\\\/2\\\/2023\\\/04\\\/VII-FR-P4P-nomination-LIFE-Awards-2023-news-articles.png?image-crop-positioner-ts=1681201745\",\"datePublished\":\"2023-04-11T08:35:00+00:00\",\"dateModified\":\"2023-06-02T07:02:11+00:00\",\"author\":{\"@id\":\"https:\\\/\\\/www.vaniperen.com\\\/fr\\\/#\\\/schema\\\/person\\\/90e2a22c89a46d7372af784d14cf67cb\"},\"description\":\"Le projet Plants for Plants\u00ae (P4P), les biostimulants \u00e0 base de plantes, a \u00e9t\u00e9 nomin\u00e9 comme finaliste des LIFE Awards 2023 par l'UE\",\"breadcrumb\":{\"@id\":\"https:\\\/\\\/www.vaniperen.com\\\/fr\\\/plants-for-plants-nomine-pour-les-life-awards-2023\\\/#breadcrumb\"},\"inLanguage\":\"fr-FR\",\"potentialAction\":[{\"@type\":\"ReadAction\",\"target\":[\"https:\\\/\\\/www.vaniperen.com\\\/fr\\\/plants-for-plants-nomine-pour-les-life-awards-2023\\\/\"]}]},{\"@type\":\"ImageObject\",\"inLanguage\":\"fr-FR\",\"@id\":\"https:\\\/\\\/www.vaniperen.com\\\/fr\\\/plants-for-plants-nomine-pour-les-life-awards-2023\\\/#primaryimage\",\"url\":\"https:\\\/\\\/www.vaniperen.com\\\/fr\\\/wp-content\\\/uploads\\\/sites\\\/2\\\/2023\\\/04\\\/VII-FR-P4P-nomination-LIFE-Awards-2023-news-articles.png?image-crop-positioner-ts=1681201745\",\"contentUrl\":\"https:\\\/\\\/www.vaniperen.com\\\/fr\\\/wp-content\\\/uploads\\\/sites\\\/2\\\/2023\\\/04\\\/VII-FR-P4P-nomination-LIFE-Awards-2023-news-articles.png?image-crop-positioner-ts=1681201745\",\"width\":800,\"height\":800},{\"@type\":\"BreadcrumbList\",\"@id\":\"https:\\\/\\\/www.vaniperen.com\\\/fr\\\/plants-for-plants-nomine-pour-les-life-awards-2023\\\/#breadcrumb\",\"itemListElement\":[{\"@type\":\"ListItem\",\"position\":1,\"name\":\"Home\",\"item\":\"https:\\\/\\\/www.vaniperen.com\\\/fr\\\/\"},{\"@type\":\"ListItem\",\"position\":2,\"name\":\"Plants for Plants\u00ae nomin\u00e9 aux LIFE Awards 2023\"}]},{\"@type\":\"WebSite\",\"@id\":\"https:\\\/\\\/www.vaniperen.com\\\/fr\\\/#website\",\"url\":\"https:\\\/\\\/www.vaniperen.com\\\/fr\\\/\",\"name\":\"Van Iperen France\",\"description\":\"Just another WordPress site\",\"potentialAction\":[{\"@type\":\"SearchAction\",\"target\":{\"@type\":\"EntryPoint\",\"urlTemplate\":\"https:\\\/\\\/www.vaniperen.com\\\/fr\\\/?s={search_term_string}\"},\"query-input\":{\"@type\":\"PropertyValueSpecification\",\"valueRequired\":true,\"valueName\":\"search_term_string\"}}],\"inLanguage\":\"fr-FR\"},{\"@type\":\"Person\",\"@id\":\"https:\\\/\\\/www.vaniperen.com\\\/fr\\\/#\\\/schema\\\/person\\\/90e2a22c89a46d7372af784d14cf67cb\",\"name\":\"Pedro Larios\",\"image\":{\"@type\":\"ImageObject\",\"inLanguage\":\"fr-FR\",\"@id\":\"https:\\\/\\\/secure.gravatar.com\\\/avatar\\\/3b35a5715f1da7715f2921bdf2f098947f963601167c455edcae8d7ff2ae84fd?s=96&d=mm&r=g\",\"url\":\"https:\\\/\\\/secure.gravatar.com\\\/avatar\\\/3b35a5715f1da7715f2921bdf2f098947f963601167c455edcae8d7ff2ae84fd?s=96&d=mm&r=g\",\"contentUrl\":\"https:\\\/\\\/secure.gravatar.com\\\/avatar\\\/3b35a5715f1da7715f2921bdf2f098947f963601167c455edcae8d7ff2ae84fd?s=96&d=mm&r=g\",\"caption\":\"Pedro Larios\"},\"url\":\"https:\\\/\\\/www.vaniperen.com\\\/fr\\\/author\\\/pedro\\\/\"}]}<\/script>\n<!-- \/ Yoast SEO Premium plugin. -->","yoast_head_json":{"title":"Plants for Plants\u00ae nomin\u00e9 aux LIFE Awards 2023 - Van Iperen France","description":"Le projet Plants for Plants\u00ae (P4P), les biostimulants \u00e0 base de plantes, a \u00e9t\u00e9 nomin\u00e9 comme finaliste des LIFE Awards 2023 par l'UE","robots":{"index":"index","follow":"follow","max-snippet":"max-snippet:-1","max-image-preview":"max-image-preview:large","max-video-preview":"max-video-preview:-1"},"canonical":"https:\/\/www.vaniperen.com\/fr\/plants-for-plants-nomine-pour-les-life-awards-2023\/","og_locale":"fr_FR","og_type":"article","og_title":"Plants for Plants\u00ae nomin\u00e9 aux LIFE Awards 2023","og_description":"Le projet Plants for Plants\u00ae (P4P), les biostimulants \u00e0 base de plantes, a \u00e9t\u00e9 nomin\u00e9 comme finaliste des LIFE Awards 2023 par l'UE","og_url":"https:\/\/www.vaniperen.com\/fr\/plants-for-plants-nomine-pour-les-life-awards-2023\/","og_site_name":"Van Iperen France","article_published_time":"2023-04-11T08:35:00+00:00","article_modified_time":"2023-06-02T07:02:11+00:00","og_image":[{"width":800,"height":800,"url":"https:\/\/www.vaniperen.com\/fr\/wp-content\/uploads\/sites\/2\/2023\/04\/VII-FR-P4P-nomination-LIFE-Awards-2023-news-articles.png?image-crop-positioner-ts=1681201745","type":"image\/png"}],"author":"Pedro Larios","twitter_card":"summary_large_image","twitter_misc":{"\u00c9crit par":"Pedro Larios","Dur\u00e9e de lecture estim\u00e9e":"4 minutes"},"schema":{"@context":"https:\/\/schema.org","@graph":[{"@type":"Article","@id":"https:\/\/www.vaniperen.com\/fr\/plants-for-plants-nomine-pour-les-life-awards-2023\/#article","isPartOf":{"@id":"https:\/\/www.vaniperen.com\/fr\/plants-for-plants-nomine-pour-les-life-awards-2023\/"},"author":{"name":"Pedro Larios","@id":"https:\/\/www.vaniperen.com\/fr\/#\/schema\/person\/90e2a22c89a46d7372af784d14cf67cb"},"headline":"Plants for Plants\u00ae nomin\u00e9 aux LIFE Awards 2023","datePublished":"2023-04-11T08:35:00+00:00","dateModified":"2023-06-02T07:02:11+00:00","mainEntityOfPage":{"@id":"https:\/\/www.vaniperen.com\/fr\/plants-for-plants-nomine-pour-les-life-awards-2023\/"},"wordCount":504,"image":{"@id":"https:\/\/www.vaniperen.com\/fr\/plants-for-plants-nomine-pour-les-life-awards-2023\/#primaryimage"},"thumbnailUrl":"https:\/\/www.vaniperen.com\/fr\/wp-content\/uploads\/sites\/2\/2023\/04\/VII-FR-P4P-nomination-LIFE-Awards-2023-news-articles.png?image-crop-positioner-ts=1681201745","inLanguage":"fr-FR"},{"@type":"WebPage","@id":"https:\/\/www.vaniperen.com\/fr\/plants-for-plants-nomine-pour-les-life-awards-2023\/","url":"https:\/\/www.vaniperen.com\/fr\/plants-for-plants-nomine-pour-les-life-awards-2023\/","name":"Plants for Plants\u00ae nomin\u00e9 aux LIFE Awards 2023 - Van Iperen France","isPartOf":{"@id":"https:\/\/www.vaniperen.com\/fr\/#website"},"primaryImageOfPage":{"@id":"https:\/\/www.vaniperen.com\/fr\/plants-for-plants-nomine-pour-les-life-awards-2023\/#primaryimage"},"image":{"@id":"https:\/\/www.vaniperen.com\/fr\/plants-for-plants-nomine-pour-les-life-awards-2023\/#primaryimage"},"thumbnailUrl":"https:\/\/www.vaniperen.com\/fr\/wp-content\/uploads\/sites\/2\/2023\/04\/VII-FR-P4P-nomination-LIFE-Awards-2023-news-articles.png?image-crop-positioner-ts=1681201745","datePublished":"2023-04-11T08:35:00+00:00","dateModified":"2023-06-02T07:02:11+00:00","author":{"@id":"https:\/\/www.vaniperen.com\/fr\/#\/schema\/person\/90e2a22c89a46d7372af784d14cf67cb"},"description":"Le projet Plants for Plants\u00ae (P4P), les biostimulants \u00e0 base de plantes, a \u00e9t\u00e9 nomin\u00e9 comme finaliste des LIFE Awards 2023 par l'UE","breadcrumb":{"@id":"https:\/\/www.vaniperen.com\/fr\/plants-for-plants-nomine-pour-les-life-awards-2023\/#breadcrumb"},"inLanguage":"fr-FR","potentialAction":[{"@type":"ReadAction","target":["https:\/\/www.vaniperen.com\/fr\/plants-for-plants-nomine-pour-les-life-awards-2023\/"]}]},{"@type":"ImageObject","inLanguage":"fr-FR","@id":"https:\/\/www.vaniperen.com\/fr\/plants-for-plants-nomine-pour-les-life-awards-2023\/#primaryimage","url":"https:\/\/www.vaniperen.com\/fr\/wp-content\/uploads\/sites\/2\/2023\/04\/VII-FR-P4P-nomination-LIFE-Awards-2023-news-articles.png?image-crop-positioner-ts=1681201745","contentUrl":"https:\/\/www.vaniperen.com\/fr\/wp-content\/uploads\/sites\/2\/2023\/04\/VII-FR-P4P-nomination-LIFE-Awards-2023-news-articles.png?image-crop-positioner-ts=1681201745","width":800,"height":800},{"@type":"BreadcrumbList","@id":"https:\/\/www.vaniperen.com\/fr\/plants-for-plants-nomine-pour-les-life-awards-2023\/#breadcrumb","itemListElement":[{"@type":"ListItem","position":1,"name":"Home","item":"https:\/\/www.vaniperen.com\/fr\/"},{"@type":"ListItem","position":2,"name":"Plants for Plants\u00ae nomin\u00e9 aux LIFE Awards 2023"}]},{"@type":"WebSite","@id":"https:\/\/www.vaniperen.com\/fr\/#website","url":"https:\/\/www.vaniperen.com\/fr\/","name":"Van Iperen France","description":"Just another WordPress site","potentialAction":[{"@type":"SearchAction","target":{"@type":"EntryPoint","urlTemplate":"https:\/\/www.vaniperen.com\/fr\/?s={search_term_string}"},"query-input":{"@type":"PropertyValueSpecification","valueRequired":true,"valueName":"search_term_string"}}],"inLanguage":"fr-FR"},{"@type":"Person","@id":"https:\/\/www.vaniperen.com\/fr\/#\/schema\/person\/90e2a22c89a46d7372af784d14cf67cb","name":"Pedro Larios","image":{"@type":"ImageObject","inLanguage":"fr-FR","@id":"https:\/\/secure.gravatar.com\/avatar\/3b35a5715f1da7715f2921bdf2f098947f963601167c455edcae8d7ff2ae84fd?s=96&d=mm&r=g","url":"https:\/\/secure.gravatar.com\/avatar\/3b35a5715f1da7715f2921bdf2f098947f963601167c455edcae8d7ff2ae84fd?s=96&d=mm&r=g","contentUrl":"https:\/\/secure.gravatar.com\/avatar\/3b35a5715f1da7715f2921bdf2f098947f963601167c455edcae8d7ff2ae84fd?s=96&d=mm&r=g","caption":"Pedro Larios"},"url":"https:\/\/www.vaniperen.com\/fr\/author\/pedro\/"}]}},"_links":{"self":[{"href":"https:\/\/www.vaniperen.com\/fr\/wp-json\/wp\/v2\/posts\/9834","targetHints":{"allow":["GET"]}}],"collection":[{"href":"https:\/\/www.vaniperen.com\/fr\/wp-json\/wp\/v2\/posts"}],"about":[{"href":"https:\/\/www.vaniperen.com\/fr\/wp-json\/wp\/v2\/types\/post"}],"author":[{"embeddable":true,"href":"https:\/\/www.vaniperen.com\/fr\/wp-json\/wp\/v2\/users\/16"}],"replies":[{"embeddable":true,"href":"https:\/\/www.vaniperen.com\/fr\/wp-json\/wp\/v2\/comments?post=9834"}],"version-history":[{"count":9,"href":"https:\/\/www.vaniperen.com\/fr\/wp-json\/wp\/v2\/posts\/9834\/revisions"}],"predecessor-version":[{"id":10226,"href":"https:\/\/www.vaniperen.com\/fr\/wp-json\/wp\/v2\/posts\/9834\/revisions\/10226"}],"wp:featuredmedia":[{"embeddable":true,"href":"https:\/\/www.vaniperen.com\/fr\/wp-json\/wp\/v2\/media\/9838"}],"wp:attachment":[{"href":"https:\/\/www.vaniperen.com\/fr\/wp-json\/wp\/v2\/media?parent=9834"}],"curies":[{"name":"wp","href":"https:\/\/api.w.org\/{rel}","templated":true}]}}