{"id":9400,"date":"2023-01-31T13:55:21","date_gmt":"2023-01-31T12:55:21","guid":{"rendered":"https:\/\/www.vaniperen.com\/fr\/?p=9400"},"modified":"2023-02-24T09:46:32","modified_gmt":"2023-02-24T08:46:32","slug":"oligoelements-en-nutrition-vegetale-i-carences-en-bore-et-molybdene","status":"publish","type":"post","link":"https:\/\/www.vaniperen.com\/fr\/oligoelements-en-nutrition-vegetale-i-carences-en-bore-et-molybdene\/","title":{"rendered":"Oligo\u00e9l\u00e9ments en Nutrition V\u00e9g\u00e9tale (I) : Carences en Bore et Molybd\u00e8ne"},"content":{"rendered":"<p>Les cultures peuvent se r\u00e9v\u00e9ler carenc\u00e9es en un ou plusieurs oligo-\u00e9l\u00e9ments. Bien que la reconnaissance des carences en micronutriments puisse \u00eatre difficile m\u00eame pour les experts, nous souhaitons partager certains indicateurs avec vous afin de rester vigilant.<\/p>\n<p><img loading=\"lazy\" decoding=\"async\" class=\"alignnone wp-image-9410\" src=\"https:\/\/www.vaniperen.com\/fr\/wp-content\/uploads\/sites\/2\/2023\/01\/Molybdenum-deficiency-in-wheat-1024x747.jpg\" alt=\"\" width=\"384\" height=\"280\" srcset=\"https:\/\/www.vaniperen.com\/fr\/wp-content\/uploads\/sites\/2\/2023\/01\/Molybdenum-deficiency-in-wheat-1024x747.jpg?image-crop-positioner-ts=1675169248 1024w, https:\/\/www.vaniperen.com\/fr\/wp-content\/uploads\/sites\/2\/2023\/01\/Molybdenum-deficiency-in-wheat-1440x1051.jpg?image-crop-positioner-ts=1675169248 1440w, https:\/\/www.vaniperen.com\/fr\/wp-content\/uploads\/sites\/2\/2023\/01\/Molybdenum-deficiency-in-wheat-768x561.jpg?image-crop-positioner-ts=1675169248 768w, https:\/\/www.vaniperen.com\/fr\/wp-content\/uploads\/sites\/2\/2023\/01\/Molybdenum-deficiency-in-wheat-1536x1121.jpg?image-crop-positioner-ts=1675169248 1536w, https:\/\/www.vaniperen.com\/fr\/wp-content\/uploads\/sites\/2\/2023\/01\/Molybdenum-deficiency-in-wheat-2048x1495.jpg?image-crop-positioner-ts=1675169248 2048w, https:\/\/www.vaniperen.com\/fr\/wp-content\/uploads\/sites\/2\/2023\/01\/Molybdenum-deficiency-in-wheat-1920x1400.jpg?image-crop-positioner-ts=1675169248 1920w, https:\/\/www.vaniperen.com\/fr\/wp-content\/uploads\/sites\/2\/2023\/01\/Molybdenum-deficiency-in-wheat-320x234.jpg?image-crop-positioner-ts=1675169248 320w, https:\/\/www.vaniperen.com\/fr\/wp-content\/uploads\/sites\/2\/2023\/01\/Molybdenum-deficiency-in-wheat-100x73.jpg?image-crop-positioner-ts=1675169248 100w\" sizes=\"auto, (max-width: 384px) 100vw, 384px\" \/> <img loading=\"lazy\" decoding=\"async\" class=\"size-medium wp-image-9407\" src=\"https:\/\/www.vaniperen.com\/fr\/wp-content\/uploads\/sites\/2\/2023\/01\/Hollow-stem.-Boron-deficiency-on-broccoli-1024x964.jpg\" alt=\"\" width=\"300\" height=\"282\" srcset=\"https:\/\/www.vaniperen.com\/fr\/wp-content\/uploads\/sites\/2\/2023\/01\/Hollow-stem.-Boron-deficiency-on-broccoli-1024x964.jpg?image-crop-positioner-ts=1675169217 1024w, https:\/\/www.vaniperen.com\/fr\/wp-content\/uploads\/sites\/2\/2023\/01\/Hollow-stem.-Boron-deficiency-on-broccoli-1440x1355.jpg?image-crop-positioner-ts=1675169217 1440w, https:\/\/www.vaniperen.com\/fr\/wp-content\/uploads\/sites\/2\/2023\/01\/Hollow-stem.-Boron-deficiency-on-broccoli-768x723.jpg?image-crop-positioner-ts=1675169217 768w, https:\/\/www.vaniperen.com\/fr\/wp-content\/uploads\/sites\/2\/2023\/01\/Hollow-stem.-Boron-deficiency-on-broccoli-1536x1446.jpg?image-crop-positioner-ts=1675169217 1536w, https:\/\/www.vaniperen.com\/fr\/wp-content\/uploads\/sites\/2\/2023\/01\/Hollow-stem.-Boron-deficiency-on-broccoli-2048x1928.jpg?image-crop-positioner-ts=1675169217 2048w, https:\/\/www.vaniperen.com\/fr\/wp-content\/uploads\/sites\/2\/2023\/01\/Hollow-stem.-Boron-deficiency-on-broccoli-1920x1807.jpg?image-crop-positioner-ts=1675169217 1920w, https:\/\/www.vaniperen.com\/fr\/wp-content\/uploads\/sites\/2\/2023\/01\/Hollow-stem.-Boron-deficiency-on-broccoli-320x301.jpg?image-crop-positioner-ts=1675169217 320w, https:\/\/www.vaniperen.com\/fr\/wp-content\/uploads\/sites\/2\/2023\/01\/Hollow-stem.-Boron-deficiency-on-broccoli-100x94.jpg?image-crop-positioner-ts=1675169217 100w\" sizes=\"auto, (max-width: 300px) 100vw, 300px\" \/><\/p>\n<p>Aussi importants que <a href=\"https:\/\/www.vaniperen.com\/fr\/carences-courantes-en-nutriments-chez-les-plantes-azote-potassium-et-phosphore\/\" target=\"_blank\" rel=\"noopener\"><strong>les nutriments primaires (Azote, Phosphore, Potassium)<\/strong><\/a> et <a href=\"https:\/\/www.vaniperen.com\/fr\/carences-courantes-en-nutriments-chez-les-plantes-ii-magnesium-et-calcium\/\" target=\"_blank\" rel=\"noopener\"><strong>les nutriments secondaires (Calcium, Magn\u00e9sium)<\/strong><\/a>, les Oligo-\u00e9l\u00e9ments (TE) sont indispensables \u00e0 la croissance des plantes. Aussi connus sous le nom de micronutriments, ces \u00e9l\u00e9ments ne sont n\u00e9cessaires qu&rsquo;en petites quantit\u00e9s &#8211; tout comme les vitamines dans l&rsquo;alimentation humaine &#8211; et peuvent \u00eatre trouv\u00e9s en infimes quantit\u00e9s dans les sols. La disponibilit\u00e9 des oligo-\u00e9l\u00e9ments dans les sols peut \u00eatre d\u00e9licate car de nombreuses zones de production sont d\u00e9ficientes en micronutriments dans leur \u00e9tat d&rsquo;origine. Les producteurs doivent donc faire tr\u00e8s attention \u00e0 la gestion des micronutriments.<\/p>\n<p>Quels indicateurs montrent <strong>une carence en oligo-\u00e9l\u00e9ments<\/strong>? Nos Agronomes passent par <strong>le Bore et le Molybd\u00e8ne<\/strong> pour vous expliquer \u00e0 quels signes il faut pr\u00eater attention pour rep\u00e9rer les carences en micronutriments dans les cultures.<\/p>\n<h3><img loading=\"lazy\" decoding=\"async\" class=\"alignnone size-medium wp-image-9405\" src=\"https:\/\/www.vaniperen.com\/fr\/wp-content\/uploads\/sites\/2\/2023\/01\/Boron-deficiency-in-alfalfa-1024x768.jpg\" alt=\"\" width=\"300\" height=\"225\" srcset=\"https:\/\/www.vaniperen.com\/fr\/wp-content\/uploads\/sites\/2\/2023\/01\/Boron-deficiency-in-alfalfa-1024x768.jpg?image-crop-positioner-ts=1675169173 1024w, https:\/\/www.vaniperen.com\/fr\/wp-content\/uploads\/sites\/2\/2023\/01\/Boron-deficiency-in-alfalfa-1440x1080.jpg?image-crop-positioner-ts=1675169173 1440w, https:\/\/www.vaniperen.com\/fr\/wp-content\/uploads\/sites\/2\/2023\/01\/Boron-deficiency-in-alfalfa-768x576.jpg?image-crop-positioner-ts=1675169173 768w, https:\/\/www.vaniperen.com\/fr\/wp-content\/uploads\/sites\/2\/2023\/01\/Boron-deficiency-in-alfalfa-1536x1152.jpg?image-crop-positioner-ts=1675169173 1536w, https:\/\/www.vaniperen.com\/fr\/wp-content\/uploads\/sites\/2\/2023\/01\/Boron-deficiency-in-alfalfa-1920x1440.jpg?image-crop-positioner-ts=1675169173 1920w, https:\/\/www.vaniperen.com\/fr\/wp-content\/uploads\/sites\/2\/2023\/01\/Boron-deficiency-in-alfalfa-320x240.jpg?image-crop-positioner-ts=1675169173 320w, https:\/\/www.vaniperen.com\/fr\/wp-content\/uploads\/sites\/2\/2023\/01\/Boron-deficiency-in-alfalfa-100x75.jpg?image-crop-positioner-ts=1675169173 100w, https:\/\/www.vaniperen.com\/fr\/wp-content\/uploads\/sites\/2\/2023\/01\/Boron-deficiency-in-alfalfa.jpg?image-crop-positioner-ts=1675169173 2048w\" sizes=\"auto, (max-width: 300px) 100vw, 300px\" \/> <img loading=\"lazy\" decoding=\"async\" class=\"alignnone size-medium wp-image-9406\" src=\"https:\/\/www.vaniperen.com\/fr\/wp-content\/uploads\/sites\/2\/2023\/01\/Boron-deficiency-in-canola-1024x747.jpg\" alt=\"\" width=\"300\" height=\"219\" srcset=\"https:\/\/www.vaniperen.com\/fr\/wp-content\/uploads\/sites\/2\/2023\/01\/Boron-deficiency-in-canola-1024x747.jpg?image-crop-positioner-ts=1675169187 1024w, https:\/\/www.vaniperen.com\/fr\/wp-content\/uploads\/sites\/2\/2023\/01\/Boron-deficiency-in-canola-1440x1051.jpg?image-crop-positioner-ts=1675169187 1440w, https:\/\/www.vaniperen.com\/fr\/wp-content\/uploads\/sites\/2\/2023\/01\/Boron-deficiency-in-canola-768x561.jpg?image-crop-positioner-ts=1675169187 768w, https:\/\/www.vaniperen.com\/fr\/wp-content\/uploads\/sites\/2\/2023\/01\/Boron-deficiency-in-canola-1536x1121.jpg?image-crop-positioner-ts=1675169187 1536w, https:\/\/www.vaniperen.com\/fr\/wp-content\/uploads\/sites\/2\/2023\/01\/Boron-deficiency-in-canola-2048x1495.jpg?image-crop-positioner-ts=1675169187 2048w, https:\/\/www.vaniperen.com\/fr\/wp-content\/uploads\/sites\/2\/2023\/01\/Boron-deficiency-in-canola-1920x1400.jpg?image-crop-positioner-ts=1675169187 1920w, https:\/\/www.vaniperen.com\/fr\/wp-content\/uploads\/sites\/2\/2023\/01\/Boron-deficiency-in-canola-320x234.jpg?image-crop-positioner-ts=1675169187 320w, https:\/\/www.vaniperen.com\/fr\/wp-content\/uploads\/sites\/2\/2023\/01\/Boron-deficiency-in-canola-100x73.jpg?image-crop-positioner-ts=1675169187 100w\" sizes=\"auto, (max-width: 300px) 100vw, 300px\" \/><\/h3>\n<h3><strong>Sympt\u00f4mes de carence en bore dans les cultures<\/strong><\/h3>\n<p>Le <strong>r\u00f4le du bore (B) dans les cultures<\/strong> est li\u00e9 \u00e0 la formation du tube pollinique, \u00e0 la migration des sucres, \u00e0 la r\u00e9duction des nitrates et au d\u00e9veloppement des bourgeons. Il renforce la nouaison et maximise la quantit\u00e9 des fruits sains. Les sympt\u00f4mes d&rsquo;une carence en bore peuvent affecter la moelle et l&rsquo;\u00e9piderme des tiges, mais d&rsquo;autres cons\u00e9quences peuvent \u00eatre pr\u00e9sentes comme:<\/p>\n<ul>\n<li>Feuilles gauffr\u00e9es croustillantes\/fragiles<\/li>\n<li>Taches n\u00e9crotiques sur les fruits<\/li>\n<li>Croissance asym\u00e9trique<\/li>\n<\/ul>\n<p>Voici quelques photos de luzerne, de canola et de brocoli souffrant d&rsquo;une carence en bore.<\/p>\n<h3><strong>Sympt\u00f4mes d&rsquo;une carence en molybd\u00e8ne dans les cultures<\/strong><\/h3>\n<p>Le <strong>molybd\u00e8ne (Mo) stimule le d\u00e9veloppement floral de la plante<\/strong> et permet la fixation de l&rsquo;azote par les nodules. Les sympt\u00f4mes d&rsquo;une carence en molybd\u00e8ne ressemblent \u00e0 un manque d&rsquo;azote, bien que les bords des feuilles puissent \u00eatre n\u00e9cros\u00e9s dans ce cas. Les agriculteurs peuvent reconna\u00eetre une carence en molybd\u00e8ne lorsque\u00a0:<\/p>\n<ul>\n<li>Les bordures de feuilles acqui\u00e8rent une teinte orange, rouge ou rose, se d\u00e9pla\u00e7ant vers le centre<\/li>\n<li>Destruction du bourgeon terminal, croissance de nouvelles branches comme le \u00abtallage\u00bb<\/li>\n<\/ul>\n<p>Voir ci-dessous quelques exemples de carence en molybd\u00e8ne dans le bl\u00e9, le chou-fleur et le melon.<\/p>\n<h3><img loading=\"lazy\" decoding=\"async\" class=\"alignnone size-medium wp-image-9408\" src=\"https:\/\/www.vaniperen.com\/fr\/wp-content\/uploads\/sites\/2\/2023\/01\/Molybdenum-deficiency-in-cauliflower-1024x747.jpg\" alt=\"\" width=\"300\" height=\"219\" srcset=\"https:\/\/www.vaniperen.com\/fr\/wp-content\/uploads\/sites\/2\/2023\/01\/Molybdenum-deficiency-in-cauliflower-1024x747.jpg?image-crop-positioner-ts=1675169232 1024w, https:\/\/www.vaniperen.com\/fr\/wp-content\/uploads\/sites\/2\/2023\/01\/Molybdenum-deficiency-in-cauliflower-1440x1051.jpg?image-crop-positioner-ts=1675169232 1440w, https:\/\/www.vaniperen.com\/fr\/wp-content\/uploads\/sites\/2\/2023\/01\/Molybdenum-deficiency-in-cauliflower-768x561.jpg?image-crop-positioner-ts=1675169232 768w, https:\/\/www.vaniperen.com\/fr\/wp-content\/uploads\/sites\/2\/2023\/01\/Molybdenum-deficiency-in-cauliflower-1536x1121.jpg?image-crop-positioner-ts=1675169232 1536w, https:\/\/www.vaniperen.com\/fr\/wp-content\/uploads\/sites\/2\/2023\/01\/Molybdenum-deficiency-in-cauliflower-2048x1495.jpg?image-crop-positioner-ts=1675169232 2048w, https:\/\/www.vaniperen.com\/fr\/wp-content\/uploads\/sites\/2\/2023\/01\/Molybdenum-deficiency-in-cauliflower-1920x1400.jpg?image-crop-positioner-ts=1675169232 1920w, https:\/\/www.vaniperen.com\/fr\/wp-content\/uploads\/sites\/2\/2023\/01\/Molybdenum-deficiency-in-cauliflower-320x234.jpg?image-crop-positioner-ts=1675169232 320w, https:\/\/www.vaniperen.com\/fr\/wp-content\/uploads\/sites\/2\/2023\/01\/Molybdenum-deficiency-in-cauliflower-100x73.jpg?image-crop-positioner-ts=1675169232 100w\" sizes=\"auto, (max-width: 300px) 100vw, 300px\" \/> <img loading=\"lazy\" decoding=\"async\" class=\"alignnone size-medium wp-image-9409\" style=\"font-size: 16px;\" src=\"https:\/\/www.vaniperen.com\/fr\/wp-content\/uploads\/sites\/2\/2023\/01\/Molybdenum-deficiency-in-melon.jpg\" alt=\"\" width=\"300\" height=\"222\" srcset=\"https:\/\/www.vaniperen.com\/fr\/wp-content\/uploads\/sites\/2\/2023\/01\/Molybdenum-deficiency-in-melon.jpg?image-crop-positioner-ts=1675169238 670w, https:\/\/www.vaniperen.com\/fr\/wp-content\/uploads\/sites\/2\/2023\/01\/Molybdenum-deficiency-in-melon-320x236.jpg?image-crop-positioner-ts=1675169238 320w, https:\/\/www.vaniperen.com\/fr\/wp-content\/uploads\/sites\/2\/2023\/01\/Molybdenum-deficiency-in-melon-100x74.jpg?image-crop-positioner-ts=1675169238 100w\" sizes=\"auto, (max-width: 300px) 100vw, 300px\" \/><\/h3>\n<h3><strong>Comment pr\u00e9venir la carence en bore et la carence en molybd\u00e8ne dans les plantes ?<\/strong><\/h3>\n<p>Nos Agronomes vous recommandent notre biostimulant \u00e0 base d&rsquo;algues <a href=\"https:\/\/www.vaniperen.com\/fr\/produits\/foliastim-b-mo-liquide\/\" target=\"_blank\" rel=\"noopener\"><strong>FoliaStim\u00ae B Mo Liquide<\/strong><\/a>. Formul\u00e9 avec 15% d&rsquo;algues, cet engrais liquide hautement concentr\u00e9 en oligo-\u00e9l\u00e9ments est une solution stable \u00e0 appliquer pendant la croissance v\u00e9g\u00e9tative, notamment d\u00e8s le d\u00e9bourrage, avant la floraison. En raison du niveau \u00e9lev\u00e9 de B et Mo, FoliaStim\u00ae B Mo Liquide peut \u00eatre utilis\u00e9 pour traiter les plantes pr\u00e9sentant des carences en molybd\u00e8ne. Notre formule am\u00e9liore la division cellulaire et la formation des parois cellulaires et aide la plante \u00e0 g\u00e9rer ses besoins en azote.<\/p>\n<p>Outre nos Solutions Hautes Performances, notre catalogue comprend d&rsquo;autres engrais pour nourrir vos cultures et contrer la carence en nutriments : <a href=\"https:\/\/www.vaniperen.com\/fr\/produits\/oligo-bore-150-g-l-liquide-2\/\" target=\"_blank\" rel=\"noopener\"><strong>Oligo Boron 150 g\/L Liquide<\/strong><\/a>,\u00a0<strong><a href=\"https:\/\/www.vaniperen.com\/fr\/produits\/oligo-bore-molybdene-150-7-liquide-2\/\">Oligo Boron Molybdenum 11 + 0.5 Liquide<\/a><\/strong>, entre autres. Jetez un \u0153il \u00e0 notre gamme de produits !<\/p>\n","protected":false},"excerpt":{"rendered":"<p>Les cultures peuvent se r\u00e9v\u00e9ler carenc\u00e9es en un ou plusieurs oligo-\u00e9l\u00e9ments. Bien que la reconnaissance des carences en micronutriments puisse&#8230;<\/p>\n","protected":false},"author":16,"featured_media":9411,"comment_status":"closed","ping_status":"closed","sticky":false,"template":"","format":"standard","meta":{"_acf_changed":false,"_trash_the_other_posts":false,"_monsterinsights_skip_tracking":false,"_monsterinsights_sitenote_active":false,"_monsterinsights_sitenote_note":"","_monsterinsights_sitenote_category":0,"editor_notices":[],"footnotes":""},"class_list":["post-9400","post","type-post","status-publish","format-standard","has-post-thumbnail","hentry"],"acf":[],"yoast_head":"<!-- This site is optimized with the Yoast SEO Premium plugin v27.3 (Yoast SEO v27.3) - https:\/\/yoast.com\/product\/yoast-seo-premium-wordpress\/ -->\n<title>Oligo\u00e9l\u00e9ments en Nutrition V\u00e9g\u00e9tale (I) : Carences en Bore et Molybd\u00e8ne - Van Iperen France<\/title>\n<meta name=\"description\" content=\"Nos Agronomes passent par le Bore et le Molybd\u00e8ne pour vous expliquer \u00e0 quels signes il faut pr\u00eater attention pour rep\u00e9rer les carences en micronutriments dans les cultures\" \/>\n<meta name=\"robots\" content=\"index, follow, max-snippet:-1, max-image-preview:large, max-video-preview:-1\" \/>\n<link rel=\"canonical\" href=\"https:\/\/www.vaniperen.com\/fr\/oligoelements-en-nutrition-vegetale-i-carences-en-bore-et-molybdene\/\" \/>\n<meta property=\"og:locale\" content=\"fr_FR\" \/>\n<meta property=\"og:type\" content=\"article\" \/>\n<meta property=\"og:title\" content=\"Oligo\u00e9l\u00e9ments en Nutrition V\u00e9g\u00e9tale (I) : Carences en Bore et Molybd\u00e8ne\" \/>\n<meta property=\"og:description\" content=\"Nos Agronomes passent par le Bore et le Molybd\u00e8ne pour vous expliquer \u00e0 quels signes il faut pr\u00eater attention pour rep\u00e9rer les carences en micronutriments dans les cultures\" \/>\n<meta property=\"og:url\" content=\"https:\/\/www.vaniperen.com\/fr\/oligoelements-en-nutrition-vegetale-i-carences-en-bore-et-molybdene\/\" \/>\n<meta property=\"og:site_name\" content=\"Van Iperen France\" \/>\n<meta property=\"article:published_time\" content=\"2023-01-31T12:55:21+00:00\" \/>\n<meta property=\"article:modified_time\" content=\"2023-02-24T08:46:32+00:00\" \/>\n<meta property=\"og:image\" content=\"https:\/\/www.vaniperen.com\/fr\/wp-content\/uploads\/sites\/2\/2023\/01\/VII-FR-Trace-Elements-in-Plant-Nutrition-I-Boron-and-Molybdenum-400px.png?image-crop-positioner-ts=1675169260\" \/>\n\t<meta property=\"og:image:width\" content=\"1000\" \/>\n\t<meta property=\"og:image:height\" content=\"1000\" \/>\n\t<meta property=\"og:image:type\" content=\"image\/png\" \/>\n<meta name=\"author\" content=\"Pedro Larios\" \/>\n<meta name=\"twitter:card\" content=\"summary_large_image\" \/>\n<meta name=\"twitter:label1\" content=\"\u00c9crit par\" \/>\n\t<meta name=\"twitter:data1\" content=\"Pedro Larios\" \/>\n\t<meta name=\"twitter:label2\" content=\"Dur\u00e9e de lecture estim\u00e9e\" \/>\n\t<meta name=\"twitter:data2\" content=\"4 minutes\" \/>\n<script type=\"application\/ld+json\" class=\"yoast-schema-graph\">{\"@context\":\"https:\\\/\\\/schema.org\",\"@graph\":[{\"@type\":\"Article\",\"@id\":\"https:\\\/\\\/www.vaniperen.com\\\/fr\\\/oligoelements-en-nutrition-vegetale-i-carences-en-bore-et-molybdene\\\/#article\",\"isPartOf\":{\"@id\":\"https:\\\/\\\/www.vaniperen.com\\\/fr\\\/oligoelements-en-nutrition-vegetale-i-carences-en-bore-et-molybdene\\\/\"},\"author\":{\"name\":\"Pedro Larios\",\"@id\":\"https:\\\/\\\/www.vaniperen.com\\\/fr\\\/#\\\/schema\\\/person\\\/90e2a22c89a46d7372af784d14cf67cb\"},\"headline\":\"Oligo\u00e9l\u00e9ments en Nutrition V\u00e9g\u00e9tale (I) : Carences en Bore et Molybd\u00e8ne\",\"datePublished\":\"2023-01-31T12:55:21+00:00\",\"dateModified\":\"2023-02-24T08:46:32+00:00\",\"mainEntityOfPage\":{\"@id\":\"https:\\\/\\\/www.vaniperen.com\\\/fr\\\/oligoelements-en-nutrition-vegetale-i-carences-en-bore-et-molybdene\\\/\"},\"wordCount\":584,\"image\":{\"@id\":\"https:\\\/\\\/www.vaniperen.com\\\/fr\\\/oligoelements-en-nutrition-vegetale-i-carences-en-bore-et-molybdene\\\/#primaryimage\"},\"thumbnailUrl\":\"https:\\\/\\\/www.vaniperen.com\\\/fr\\\/wp-content\\\/uploads\\\/sites\\\/2\\\/2023\\\/01\\\/VII-FR-Trace-Elements-in-Plant-Nutrition-I-Boron-and-Molybdenum-400px.png?image-crop-positioner-ts=1675169260\",\"inLanguage\":\"fr-FR\"},{\"@type\":\"WebPage\",\"@id\":\"https:\\\/\\\/www.vaniperen.com\\\/fr\\\/oligoelements-en-nutrition-vegetale-i-carences-en-bore-et-molybdene\\\/\",\"url\":\"https:\\\/\\\/www.vaniperen.com\\\/fr\\\/oligoelements-en-nutrition-vegetale-i-carences-en-bore-et-molybdene\\\/\",\"name\":\"Oligo\u00e9l\u00e9ments en Nutrition V\u00e9g\u00e9tale (I) : Carences en Bore et Molybd\u00e8ne - Van Iperen France\",\"isPartOf\":{\"@id\":\"https:\\\/\\\/www.vaniperen.com\\\/fr\\\/#website\"},\"primaryImageOfPage\":{\"@id\":\"https:\\\/\\\/www.vaniperen.com\\\/fr\\\/oligoelements-en-nutrition-vegetale-i-carences-en-bore-et-molybdene\\\/#primaryimage\"},\"image\":{\"@id\":\"https:\\\/\\\/www.vaniperen.com\\\/fr\\\/oligoelements-en-nutrition-vegetale-i-carences-en-bore-et-molybdene\\\/#primaryimage\"},\"thumbnailUrl\":\"https:\\\/\\\/www.vaniperen.com\\\/fr\\\/wp-content\\\/uploads\\\/sites\\\/2\\\/2023\\\/01\\\/VII-FR-Trace-Elements-in-Plant-Nutrition-I-Boron-and-Molybdenum-400px.png?image-crop-positioner-ts=1675169260\",\"datePublished\":\"2023-01-31T12:55:21+00:00\",\"dateModified\":\"2023-02-24T08:46:32+00:00\",\"author\":{\"@id\":\"https:\\\/\\\/www.vaniperen.com\\\/fr\\\/#\\\/schema\\\/person\\\/90e2a22c89a46d7372af784d14cf67cb\"},\"description\":\"Nos Agronomes passent par le Bore et le Molybd\u00e8ne pour vous expliquer \u00e0 quels signes il faut pr\u00eater attention pour rep\u00e9rer les carences en micronutriments dans les cultures\",\"breadcrumb\":{\"@id\":\"https:\\\/\\\/www.vaniperen.com\\\/fr\\\/oligoelements-en-nutrition-vegetale-i-carences-en-bore-et-molybdene\\\/#breadcrumb\"},\"inLanguage\":\"fr-FR\",\"potentialAction\":[{\"@type\":\"ReadAction\",\"target\":[\"https:\\\/\\\/www.vaniperen.com\\\/fr\\\/oligoelements-en-nutrition-vegetale-i-carences-en-bore-et-molybdene\\\/\"]}]},{\"@type\":\"ImageObject\",\"inLanguage\":\"fr-FR\",\"@id\":\"https:\\\/\\\/www.vaniperen.com\\\/fr\\\/oligoelements-en-nutrition-vegetale-i-carences-en-bore-et-molybdene\\\/#primaryimage\",\"url\":\"https:\\\/\\\/www.vaniperen.com\\\/fr\\\/wp-content\\\/uploads\\\/sites\\\/2\\\/2023\\\/01\\\/VII-FR-Trace-Elements-in-Plant-Nutrition-I-Boron-and-Molybdenum-400px.png?image-crop-positioner-ts=1675169260\",\"contentUrl\":\"https:\\\/\\\/www.vaniperen.com\\\/fr\\\/wp-content\\\/uploads\\\/sites\\\/2\\\/2023\\\/01\\\/VII-FR-Trace-Elements-in-Plant-Nutrition-I-Boron-and-Molybdenum-400px.png?image-crop-positioner-ts=1675169260\",\"width\":1000,\"height\":1000},{\"@type\":\"BreadcrumbList\",\"@id\":\"https:\\\/\\\/www.vaniperen.com\\\/fr\\\/oligoelements-en-nutrition-vegetale-i-carences-en-bore-et-molybdene\\\/#breadcrumb\",\"itemListElement\":[{\"@type\":\"ListItem\",\"position\":1,\"name\":\"Home\",\"item\":\"https:\\\/\\\/www.vaniperen.com\\\/fr\\\/\"},{\"@type\":\"ListItem\",\"position\":2,\"name\":\"Oligo\u00e9l\u00e9ments en Nutrition V\u00e9g\u00e9tale (I) : Carences en Bore et Molybd\u00e8ne\"}]},{\"@type\":\"WebSite\",\"@id\":\"https:\\\/\\\/www.vaniperen.com\\\/fr\\\/#website\",\"url\":\"https:\\\/\\\/www.vaniperen.com\\\/fr\\\/\",\"name\":\"Van Iperen France\",\"description\":\"Just another WordPress site\",\"potentialAction\":[{\"@type\":\"SearchAction\",\"target\":{\"@type\":\"EntryPoint\",\"urlTemplate\":\"https:\\\/\\\/www.vaniperen.com\\\/fr\\\/?s={search_term_string}\"},\"query-input\":{\"@type\":\"PropertyValueSpecification\",\"valueRequired\":true,\"valueName\":\"search_term_string\"}}],\"inLanguage\":\"fr-FR\"},{\"@type\":\"Person\",\"@id\":\"https:\\\/\\\/www.vaniperen.com\\\/fr\\\/#\\\/schema\\\/person\\\/90e2a22c89a46d7372af784d14cf67cb\",\"name\":\"Pedro Larios\",\"image\":{\"@type\":\"ImageObject\",\"inLanguage\":\"fr-FR\",\"@id\":\"https:\\\/\\\/secure.gravatar.com\\\/avatar\\\/3b35a5715f1da7715f2921bdf2f098947f963601167c455edcae8d7ff2ae84fd?s=96&d=mm&r=g\",\"url\":\"https:\\\/\\\/secure.gravatar.com\\\/avatar\\\/3b35a5715f1da7715f2921bdf2f098947f963601167c455edcae8d7ff2ae84fd?s=96&d=mm&r=g\",\"contentUrl\":\"https:\\\/\\\/secure.gravatar.com\\\/avatar\\\/3b35a5715f1da7715f2921bdf2f098947f963601167c455edcae8d7ff2ae84fd?s=96&d=mm&r=g\",\"caption\":\"Pedro Larios\"},\"url\":\"https:\\\/\\\/www.vaniperen.com\\\/fr\\\/author\\\/pedro\\\/\"}]}<\/script>\n<!-- \/ Yoast SEO Premium plugin. -->","yoast_head_json":{"title":"Oligo\u00e9l\u00e9ments en Nutrition V\u00e9g\u00e9tale (I) : Carences en Bore et Molybd\u00e8ne - Van Iperen France","description":"Nos Agronomes passent par le Bore et le Molybd\u00e8ne pour vous expliquer \u00e0 quels signes il faut pr\u00eater attention pour rep\u00e9rer les carences en micronutriments dans les cultures","robots":{"index":"index","follow":"follow","max-snippet":"max-snippet:-1","max-image-preview":"max-image-preview:large","max-video-preview":"max-video-preview:-1"},"canonical":"https:\/\/www.vaniperen.com\/fr\/oligoelements-en-nutrition-vegetale-i-carences-en-bore-et-molybdene\/","og_locale":"fr_FR","og_type":"article","og_title":"Oligo\u00e9l\u00e9ments en Nutrition V\u00e9g\u00e9tale (I) : Carences en Bore et Molybd\u00e8ne","og_description":"Nos Agronomes passent par le Bore et le Molybd\u00e8ne pour vous expliquer \u00e0 quels signes il faut pr\u00eater attention pour rep\u00e9rer les carences en micronutriments dans les cultures","og_url":"https:\/\/www.vaniperen.com\/fr\/oligoelements-en-nutrition-vegetale-i-carences-en-bore-et-molybdene\/","og_site_name":"Van Iperen France","article_published_time":"2023-01-31T12:55:21+00:00","article_modified_time":"2023-02-24T08:46:32+00:00","og_image":[{"width":1000,"height":1000,"url":"https:\/\/www.vaniperen.com\/fr\/wp-content\/uploads\/sites\/2\/2023\/01\/VII-FR-Trace-Elements-in-Plant-Nutrition-I-Boron-and-Molybdenum-400px.png?image-crop-positioner-ts=1675169260","type":"image\/png"}],"author":"Pedro Larios","twitter_card":"summary_large_image","twitter_misc":{"\u00c9crit par":"Pedro Larios","Dur\u00e9e de lecture estim\u00e9e":"4 minutes"},"schema":{"@context":"https:\/\/schema.org","@graph":[{"@type":"Article","@id":"https:\/\/www.vaniperen.com\/fr\/oligoelements-en-nutrition-vegetale-i-carences-en-bore-et-molybdene\/#article","isPartOf":{"@id":"https:\/\/www.vaniperen.com\/fr\/oligoelements-en-nutrition-vegetale-i-carences-en-bore-et-molybdene\/"},"author":{"name":"Pedro Larios","@id":"https:\/\/www.vaniperen.com\/fr\/#\/schema\/person\/90e2a22c89a46d7372af784d14cf67cb"},"headline":"Oligo\u00e9l\u00e9ments en Nutrition V\u00e9g\u00e9tale (I) : Carences en Bore et Molybd\u00e8ne","datePublished":"2023-01-31T12:55:21+00:00","dateModified":"2023-02-24T08:46:32+00:00","mainEntityOfPage":{"@id":"https:\/\/www.vaniperen.com\/fr\/oligoelements-en-nutrition-vegetale-i-carences-en-bore-et-molybdene\/"},"wordCount":584,"image":{"@id":"https:\/\/www.vaniperen.com\/fr\/oligoelements-en-nutrition-vegetale-i-carences-en-bore-et-molybdene\/#primaryimage"},"thumbnailUrl":"https:\/\/www.vaniperen.com\/fr\/wp-content\/uploads\/sites\/2\/2023\/01\/VII-FR-Trace-Elements-in-Plant-Nutrition-I-Boron-and-Molybdenum-400px.png?image-crop-positioner-ts=1675169260","inLanguage":"fr-FR"},{"@type":"WebPage","@id":"https:\/\/www.vaniperen.com\/fr\/oligoelements-en-nutrition-vegetale-i-carences-en-bore-et-molybdene\/","url":"https:\/\/www.vaniperen.com\/fr\/oligoelements-en-nutrition-vegetale-i-carences-en-bore-et-molybdene\/","name":"Oligo\u00e9l\u00e9ments en Nutrition V\u00e9g\u00e9tale (I) : Carences en Bore et Molybd\u00e8ne - Van Iperen France","isPartOf":{"@id":"https:\/\/www.vaniperen.com\/fr\/#website"},"primaryImageOfPage":{"@id":"https:\/\/www.vaniperen.com\/fr\/oligoelements-en-nutrition-vegetale-i-carences-en-bore-et-molybdene\/#primaryimage"},"image":{"@id":"https:\/\/www.vaniperen.com\/fr\/oligoelements-en-nutrition-vegetale-i-carences-en-bore-et-molybdene\/#primaryimage"},"thumbnailUrl":"https:\/\/www.vaniperen.com\/fr\/wp-content\/uploads\/sites\/2\/2023\/01\/VII-FR-Trace-Elements-in-Plant-Nutrition-I-Boron-and-Molybdenum-400px.png?image-crop-positioner-ts=1675169260","datePublished":"2023-01-31T12:55:21+00:00","dateModified":"2023-02-24T08:46:32+00:00","author":{"@id":"https:\/\/www.vaniperen.com\/fr\/#\/schema\/person\/90e2a22c89a46d7372af784d14cf67cb"},"description":"Nos Agronomes passent par le Bore et le Molybd\u00e8ne pour vous expliquer \u00e0 quels signes il faut pr\u00eater attention pour rep\u00e9rer les carences en micronutriments dans les cultures","breadcrumb":{"@id":"https:\/\/www.vaniperen.com\/fr\/oligoelements-en-nutrition-vegetale-i-carences-en-bore-et-molybdene\/#breadcrumb"},"inLanguage":"fr-FR","potentialAction":[{"@type":"ReadAction","target":["https:\/\/www.vaniperen.com\/fr\/oligoelements-en-nutrition-vegetale-i-carences-en-bore-et-molybdene\/"]}]},{"@type":"ImageObject","inLanguage":"fr-FR","@id":"https:\/\/www.vaniperen.com\/fr\/oligoelements-en-nutrition-vegetale-i-carences-en-bore-et-molybdene\/#primaryimage","url":"https:\/\/www.vaniperen.com\/fr\/wp-content\/uploads\/sites\/2\/2023\/01\/VII-FR-Trace-Elements-in-Plant-Nutrition-I-Boron-and-Molybdenum-400px.png?image-crop-positioner-ts=1675169260","contentUrl":"https:\/\/www.vaniperen.com\/fr\/wp-content\/uploads\/sites\/2\/2023\/01\/VII-FR-Trace-Elements-in-Plant-Nutrition-I-Boron-and-Molybdenum-400px.png?image-crop-positioner-ts=1675169260","width":1000,"height":1000},{"@type":"BreadcrumbList","@id":"https:\/\/www.vaniperen.com\/fr\/oligoelements-en-nutrition-vegetale-i-carences-en-bore-et-molybdene\/#breadcrumb","itemListElement":[{"@type":"ListItem","position":1,"name":"Home","item":"https:\/\/www.vaniperen.com\/fr\/"},{"@type":"ListItem","position":2,"name":"Oligo\u00e9l\u00e9ments en Nutrition V\u00e9g\u00e9tale (I) : Carences en Bore et Molybd\u00e8ne"}]},{"@type":"WebSite","@id":"https:\/\/www.vaniperen.com\/fr\/#website","url":"https:\/\/www.vaniperen.com\/fr\/","name":"Van Iperen France","description":"Just another WordPress site","potentialAction":[{"@type":"SearchAction","target":{"@type":"EntryPoint","urlTemplate":"https:\/\/www.vaniperen.com\/fr\/?s={search_term_string}"},"query-input":{"@type":"PropertyValueSpecification","valueRequired":true,"valueName":"search_term_string"}}],"inLanguage":"fr-FR"},{"@type":"Person","@id":"https:\/\/www.vaniperen.com\/fr\/#\/schema\/person\/90e2a22c89a46d7372af784d14cf67cb","name":"Pedro Larios","image":{"@type":"ImageObject","inLanguage":"fr-FR","@id":"https:\/\/secure.gravatar.com\/avatar\/3b35a5715f1da7715f2921bdf2f098947f963601167c455edcae8d7ff2ae84fd?s=96&d=mm&r=g","url":"https:\/\/secure.gravatar.com\/avatar\/3b35a5715f1da7715f2921bdf2f098947f963601167c455edcae8d7ff2ae84fd?s=96&d=mm&r=g","contentUrl":"https:\/\/secure.gravatar.com\/avatar\/3b35a5715f1da7715f2921bdf2f098947f963601167c455edcae8d7ff2ae84fd?s=96&d=mm&r=g","caption":"Pedro Larios"},"url":"https:\/\/www.vaniperen.com\/fr\/author\/pedro\/"}]}},"_links":{"self":[{"href":"https:\/\/www.vaniperen.com\/fr\/wp-json\/wp\/v2\/posts\/9400","targetHints":{"allow":["GET"]}}],"collection":[{"href":"https:\/\/www.vaniperen.com\/fr\/wp-json\/wp\/v2\/posts"}],"about":[{"href":"https:\/\/www.vaniperen.com\/fr\/wp-json\/wp\/v2\/types\/post"}],"author":[{"embeddable":true,"href":"https:\/\/www.vaniperen.com\/fr\/wp-json\/wp\/v2\/users\/16"}],"replies":[{"embeddable":true,"href":"https:\/\/www.vaniperen.com\/fr\/wp-json\/wp\/v2\/comments?post=9400"}],"version-history":[{"count":3,"href":"https:\/\/www.vaniperen.com\/fr\/wp-json\/wp\/v2\/posts\/9400\/revisions"}],"predecessor-version":[{"id":9416,"href":"https:\/\/www.vaniperen.com\/fr\/wp-json\/wp\/v2\/posts\/9400\/revisions\/9416"}],"wp:featuredmedia":[{"embeddable":true,"href":"https:\/\/www.vaniperen.com\/fr\/wp-json\/wp\/v2\/media\/9411"}],"wp:attachment":[{"href":"https:\/\/www.vaniperen.com\/fr\/wp-json\/wp\/v2\/media?parent=9400"}],"curies":[{"name":"wp","href":"https:\/\/api.w.org\/{rel}","templated":true}]}}