{"id":8219,"date":"2022-08-22T10:05:45","date_gmt":"2022-08-22T08:05:45","guid":{"rendered":"https:\/\/www.vaniperen.com\/fr\/?p=8219"},"modified":"2023-04-26T08:53:33","modified_gmt":"2023-04-26T06:53:33","slug":"comment-ameliorer-la-qualite-de-reserves-de-votre-verger-apres-la-recolte","status":"publish","type":"post","link":"https:\/\/www.vaniperen.com\/fr\/comment-ameliorer-la-qualite-de-reserves-de-votre-verger-apres-la-recolte\/","title":{"rendered":"Comment Am\u00e9liorer la Qualit\u00e9 de R\u00e9serves de votre Verger apr\u00e8s la R\u00e9colte"},"content":{"rendered":"<p>Le manque de r\u00e9serves des esp\u00e8ces p\u00e9rennes peut avoir un effet direct sur le rendement de l&rsquo;ann\u00e9e suivante. En effet, les arbres d\u00e9bourrent sur leur r\u00e9serves en attendant que le syst\u00e8me racinaire prenne le relais un peu plus tard. Ce d\u00e9lai peut \u00eatre plus ou moins long en fonction des conditions climatiques. Ici nous expliquons <strong>comment am\u00e9liorer la qualit\u00e9 de r\u00e9serves de votre verger apr\u00e8s la r\u00e9colte<\/strong>.<\/p>\n<p><img loading=\"lazy\" decoding=\"async\" class=\"aligncenter wp-image-8221\" src=\"https:\/\/www.vaniperen.com\/fr\/wp-content\/uploads\/sites\/2\/2022\/08\/VII-FR-How-to-improve-reserves-quality-of-your-orchard-after-harvest-1200px-1024x445.png\" alt=\"\" width=\"800\" height=\"348\" srcset=\"https:\/\/www.vaniperen.com\/fr\/wp-content\/uploads\/sites\/2\/2022\/08\/VII-FR-How-to-improve-reserves-quality-of-your-orchard-after-harvest-1200px-1024x445.png 1024w, https:\/\/www.vaniperen.com\/fr\/wp-content\/uploads\/sites\/2\/2022\/08\/VII-FR-How-to-improve-reserves-quality-of-your-orchard-after-harvest-1200px-768x334.png 768w, https:\/\/www.vaniperen.com\/fr\/wp-content\/uploads\/sites\/2\/2022\/08\/VII-FR-How-to-improve-reserves-quality-of-your-orchard-after-harvest-1200px-320x139.png 320w, https:\/\/www.vaniperen.com\/fr\/wp-content\/uploads\/sites\/2\/2022\/08\/VII-FR-How-to-improve-reserves-quality-of-your-orchard-after-harvest-1200px-100x44.png 100w, https:\/\/www.vaniperen.com\/fr\/wp-content\/uploads\/sites\/2\/2022\/08\/VII-FR-How-to-improve-reserves-quality-of-your-orchard-after-harvest-1200px.png 1200w\" sizes=\"auto, (max-width: 800px) 100vw, 800px\" \/><\/p>\n<p>Avez-vous d\u00e9j\u00e0 observ\u00e9 cette situation ? La saison commence par une floraison abondante et finalement un faible taux de nouaison et donc de production. Ce ph\u00e9nom\u00e8ne est totalement d\u00e9pendant de l&rsquo;\u00e9quilibre nutritionnel au stade pr\u00e9coce. Mais comment pouvez-vous l&#8217;emp\u00eacher? Avec <strong>les applications post-r\u00e9colte<\/strong> vous pouvez couvrir les besoins nutritionnels de vos arbres fruitiers.<\/p>\n<p>Commen\u00e7ons par la base. L\u2019ensemble des \u00e9l\u00e9ments essentiels sont bien s\u00fbr n\u00e9cessaire \u00e0 un bon fonctionnement du v\u00e9g\u00e9tal au d\u00e9but de saison mais des \u00e9l\u00e9ments comme leP<sub>2<\/sub>O<sub>5<\/sub>, le Bore et le Zinc sont eux indispensables pr\u00e9cocement .La difficult\u00e9 c\u2019est de les rendre disponibles \u00e0 ce stade. Nous conseillons vivement de les appliquer en fin de saison.<\/p>\n<p><strong>Pourquoi pr\u00e9conisons-nous des traitements post-r\u00e9colte?<\/strong><\/p>\n<p>Au printemps les conditions d\u2019applications par voie foliaire ne sont pas optimales. En effet peu ou pas de surface foliaire disponible sur les arbres. Les temp\u00e9ratures souvent faibles, les sols gorg\u00e9s d\u2019eau et froids emp\u00eachent \u00e0 rendre disponible les \u00e9l\u00e9ments comme le B et Zn. Nous conseillons vivement de les appliquer <strong>en fin de saison <\/strong><strong>et cela juste apr\u00e8s r\u00e9colte<\/strong>. Pourquoi? Parce que nous disposons <strong>d\u2019une surface foliaire importante, de temp\u00e9rature cl\u00e9mente et d\u2019une activit\u00e9 physiologique<\/strong> o\u00f9 le phlo\u00e8me vient constituer des r\u00e9serves dans l\u2019ensemble des organes.<\/p>\n<p>Nous proposons de faire une \u00e0 deux applications foliaires en fonction des esp\u00e8ces et des vari\u00e9t\u00e9s. L\u2019association de <a href=\"https:\/\/www.vaniperen.com\/fr\/produits\/foliastim-mn-zn-liquide\/\" target=\"_blank\" rel=\"noopener\"><strong>FoliaStim<sup>\u00ae <\/sup>Mn Zn<\/strong><\/a> et <a href=\"https:\/\/www.vaniperen.com\/fr\/produits\/foliastim-b-mo-liquide\/\" target=\"_blank\" rel=\"noopener\"><strong>FoliaStim<sup>\u00ae<\/sup> B Mo<\/strong> <\/a>vont nous permettre de <strong>renforcer les r\u00e9serves des \u00e9l\u00e9ments recherch\u00e9s<\/strong>. L\u2019effet biostimulant du <a href=\"https:\/\/www.vaniperen.com\/fr\/produits\/stim-pure-liquide\/\" target=\"_blank\" rel=\"noopener\"><strong>Stim Pure<\/strong><\/a> va permettre aux producteurs de <strong>maintenir le feuillage actif plus longtemps et ainsi augmenter le potentiel glucidique<\/strong>.<\/p>\n<p><img loading=\"lazy\" decoding=\"async\" class=\"aligncenter wp-image-22899\" src=\"https:\/\/www.vaniperen.com\/wp-content\/uploads\/2022\/08\/Post-harvest-treatments-orchards-Van-Iperen-International-1024x282.png\" alt=\"\" width=\"700\" height=\"193\" \/><\/p>\n<p>Afin de compl\u00e9ter cette mise en r\u00e9serve nous conseillons \u00e9galement de r\u00e9aliser <strong>des analyses de rameaux<\/strong> o\u00f9 nous allons pr\u00e9lever des \u00e9chantillons en p\u00e9riode de dormance qui vont nous permettre, non seulement de constater <strong>l\u2019efficacit\u00e9 des traitements post-r\u00e9colte<\/strong> mais \u00e9galement d\u2019avoir une information r\u00e9elle des r\u00e9serves pr\u00e9sentes dans les bois ce qui constitue un point de d\u00e9part tr\u00e8s int\u00e9ressant pour \u00e9tablir <strong>un programme nutritionnel complet pour la saison \u00e0 venir<\/strong>.<\/p>\n<p>En r\u00e9sum\u00e9, <strong>les applications post r\u00e9colte<\/strong> constituent le point de d\u00e9part de la saison \u00e0 venir et nous permettent d\u2019assurer les besoins nutritionnels n\u00e9cessaires au d\u00e9bourrement et \u00e0 l\u2019accompagnement floraison de nombreuses esp\u00e8ces. Il va de soi que des compl\u00e9ments d\u2019apport seront n\u00e9cessaires en encadrement floraison et seront destin\u00e9s \u00e0 satisfaire les besoins du jeune fruit en formation.<\/p>\n","protected":false},"excerpt":{"rendered":"<p>Le manque de r\u00e9serves des esp\u00e8ces p\u00e9rennes peut avoir un effet direct sur le rendement de l&rsquo;ann\u00e9e suivante. En effet,&#8230;<\/p>\n","protected":false},"author":16,"featured_media":8222,"comment_status":"closed","ping_status":"closed","sticky":false,"template":"","format":"standard","meta":{"_acf_changed":false,"_trash_the_other_posts":false,"_monsterinsights_skip_tracking":false,"_monsterinsights_sitenote_active":false,"_monsterinsights_sitenote_note":"","_monsterinsights_sitenote_category":0,"editor_notices":[],"footnotes":""},"class_list":["post-8219","post","type-post","status-publish","format-standard","has-post-thumbnail","hentry"],"acf":[],"yoast_head":"<!-- This site is optimized with the Yoast SEO Premium plugin v27.3 (Yoast SEO v27.3) - https:\/\/yoast.com\/product\/yoast-seo-premium-wordpress\/ -->\n<title>Comment Am\u00e9liorer la Qualit\u00e9 de R\u00e9serves de votre Verger apr\u00e8s la R\u00e9colte - Van Iperen France<\/title>\n<meta name=\"description\" content=\"Les applications post r\u00e9colte constituent le point de d\u00e9part de la saison \u00e0 venir. Ici nous expliquons comment am\u00e9liorer la qualit\u00e9 de r\u00e9serves de votre verger apr\u00e8s la r\u00e9colte\" \/>\n<meta name=\"robots\" content=\"index, follow, max-snippet:-1, max-image-preview:large, max-video-preview:-1\" \/>\n<link rel=\"canonical\" href=\"https:\/\/www.vaniperen.com\/fr\/comment-ameliorer-la-qualite-de-reserves-de-votre-verger-apres-la-recolte\/\" \/>\n<meta property=\"og:locale\" content=\"fr_FR\" \/>\n<meta property=\"og:type\" content=\"article\" \/>\n<meta property=\"og:title\" content=\"Comment Am\u00e9liorer la Qualit\u00e9 de R\u00e9serves de votre Verger apr\u00e8s la R\u00e9colte\" \/>\n<meta property=\"og:description\" content=\"Les applications post r\u00e9colte constituent le point de d\u00e9part de la saison \u00e0 venir. Ici nous expliquons comment am\u00e9liorer la qualit\u00e9 de r\u00e9serves de votre verger apr\u00e8s la r\u00e9colte\" \/>\n<meta property=\"og:url\" content=\"https:\/\/www.vaniperen.com\/fr\/comment-ameliorer-la-qualite-de-reserves-de-votre-verger-apres-la-recolte\/\" \/>\n<meta property=\"og:site_name\" content=\"Van Iperen France\" \/>\n<meta property=\"article:published_time\" content=\"2022-08-22T08:05:45+00:00\" \/>\n<meta property=\"article:modified_time\" content=\"2023-04-26T06:53:33+00:00\" \/>\n<meta property=\"og:image\" content=\"https:\/\/www.vaniperen.com\/fr\/wp-content\/uploads\/sites\/2\/2022\/08\/VII-FR-How-to-improve-reserves-quality-of-your-orchard-after-harvest-400px.png\" \/>\n\t<meta property=\"og:image:width\" content=\"1000\" \/>\n\t<meta property=\"og:image:height\" content=\"1000\" \/>\n\t<meta property=\"og:image:type\" content=\"image\/png\" \/>\n<meta name=\"author\" content=\"Pedro Larios\" \/>\n<meta name=\"twitter:card\" content=\"summary_large_image\" \/>\n<meta name=\"twitter:label1\" content=\"\u00c9crit par\" \/>\n\t<meta name=\"twitter:data1\" content=\"Pedro Larios\" \/>\n\t<meta name=\"twitter:label2\" content=\"Dur\u00e9e de lecture estim\u00e9e\" \/>\n\t<meta name=\"twitter:data2\" content=\"3 minutes\" \/>\n<script type=\"application\/ld+json\" class=\"yoast-schema-graph\">{\"@context\":\"https:\\\/\\\/schema.org\",\"@graph\":[{\"@type\":\"Article\",\"@id\":\"https:\\\/\\\/www.vaniperen.com\\\/fr\\\/comment-ameliorer-la-qualite-de-reserves-de-votre-verger-apres-la-recolte\\\/#article\",\"isPartOf\":{\"@id\":\"https:\\\/\\\/www.vaniperen.com\\\/fr\\\/comment-ameliorer-la-qualite-de-reserves-de-votre-verger-apres-la-recolte\\\/\"},\"author\":{\"name\":\"Pedro Larios\",\"@id\":\"https:\\\/\\\/www.vaniperen.com\\\/fr\\\/#\\\/schema\\\/person\\\/90e2a22c89a46d7372af784d14cf67cb\"},\"headline\":\"Comment Am\u00e9liorer la Qualit\u00e9 de R\u00e9serves de votre Verger apr\u00e8s la R\u00e9colte\",\"datePublished\":\"2022-08-22T08:05:45+00:00\",\"dateModified\":\"2023-04-26T06:53:33+00:00\",\"mainEntityOfPage\":{\"@id\":\"https:\\\/\\\/www.vaniperen.com\\\/fr\\\/comment-ameliorer-la-qualite-de-reserves-de-votre-verger-apres-la-recolte\\\/\"},\"wordCount\":545,\"image\":{\"@id\":\"https:\\\/\\\/www.vaniperen.com\\\/fr\\\/comment-ameliorer-la-qualite-de-reserves-de-votre-verger-apres-la-recolte\\\/#primaryimage\"},\"thumbnailUrl\":\"https:\\\/\\\/www.vaniperen.com\\\/fr\\\/wp-content\\\/uploads\\\/sites\\\/2\\\/2022\\\/08\\\/VII-FR-How-to-improve-reserves-quality-of-your-orchard-after-harvest-400px.png\",\"inLanguage\":\"fr-FR\"},{\"@type\":\"WebPage\",\"@id\":\"https:\\\/\\\/www.vaniperen.com\\\/fr\\\/comment-ameliorer-la-qualite-de-reserves-de-votre-verger-apres-la-recolte\\\/\",\"url\":\"https:\\\/\\\/www.vaniperen.com\\\/fr\\\/comment-ameliorer-la-qualite-de-reserves-de-votre-verger-apres-la-recolte\\\/\",\"name\":\"Comment Am\u00e9liorer la Qualit\u00e9 de R\u00e9serves de votre Verger apr\u00e8s la R\u00e9colte - Van Iperen France\",\"isPartOf\":{\"@id\":\"https:\\\/\\\/www.vaniperen.com\\\/fr\\\/#website\"},\"primaryImageOfPage\":{\"@id\":\"https:\\\/\\\/www.vaniperen.com\\\/fr\\\/comment-ameliorer-la-qualite-de-reserves-de-votre-verger-apres-la-recolte\\\/#primaryimage\"},\"image\":{\"@id\":\"https:\\\/\\\/www.vaniperen.com\\\/fr\\\/comment-ameliorer-la-qualite-de-reserves-de-votre-verger-apres-la-recolte\\\/#primaryimage\"},\"thumbnailUrl\":\"https:\\\/\\\/www.vaniperen.com\\\/fr\\\/wp-content\\\/uploads\\\/sites\\\/2\\\/2022\\\/08\\\/VII-FR-How-to-improve-reserves-quality-of-your-orchard-after-harvest-400px.png\",\"datePublished\":\"2022-08-22T08:05:45+00:00\",\"dateModified\":\"2023-04-26T06:53:33+00:00\",\"author\":{\"@id\":\"https:\\\/\\\/www.vaniperen.com\\\/fr\\\/#\\\/schema\\\/person\\\/90e2a22c89a46d7372af784d14cf67cb\"},\"description\":\"Les applications post r\u00e9colte constituent le point de d\u00e9part de la saison \u00e0 venir. Ici nous expliquons comment am\u00e9liorer la qualit\u00e9 de r\u00e9serves de votre verger apr\u00e8s la r\u00e9colte\",\"breadcrumb\":{\"@id\":\"https:\\\/\\\/www.vaniperen.com\\\/fr\\\/comment-ameliorer-la-qualite-de-reserves-de-votre-verger-apres-la-recolte\\\/#breadcrumb\"},\"inLanguage\":\"fr-FR\",\"potentialAction\":[{\"@type\":\"ReadAction\",\"target\":[\"https:\\\/\\\/www.vaniperen.com\\\/fr\\\/comment-ameliorer-la-qualite-de-reserves-de-votre-verger-apres-la-recolte\\\/\"]}]},{\"@type\":\"ImageObject\",\"inLanguage\":\"fr-FR\",\"@id\":\"https:\\\/\\\/www.vaniperen.com\\\/fr\\\/comment-ameliorer-la-qualite-de-reserves-de-votre-verger-apres-la-recolte\\\/#primaryimage\",\"url\":\"https:\\\/\\\/www.vaniperen.com\\\/fr\\\/wp-content\\\/uploads\\\/sites\\\/2\\\/2022\\\/08\\\/VII-FR-How-to-improve-reserves-quality-of-your-orchard-after-harvest-400px.png\",\"contentUrl\":\"https:\\\/\\\/www.vaniperen.com\\\/fr\\\/wp-content\\\/uploads\\\/sites\\\/2\\\/2022\\\/08\\\/VII-FR-How-to-improve-reserves-quality-of-your-orchard-after-harvest-400px.png\",\"width\":1000,\"height\":1000},{\"@type\":\"BreadcrumbList\",\"@id\":\"https:\\\/\\\/www.vaniperen.com\\\/fr\\\/comment-ameliorer-la-qualite-de-reserves-de-votre-verger-apres-la-recolte\\\/#breadcrumb\",\"itemListElement\":[{\"@type\":\"ListItem\",\"position\":1,\"name\":\"Home\",\"item\":\"https:\\\/\\\/www.vaniperen.com\\\/fr\\\/\"},{\"@type\":\"ListItem\",\"position\":2,\"name\":\"Comment Am\u00e9liorer la Qualit\u00e9 de R\u00e9serves de votre Verger apr\u00e8s la R\u00e9colte\"}]},{\"@type\":\"WebSite\",\"@id\":\"https:\\\/\\\/www.vaniperen.com\\\/fr\\\/#website\",\"url\":\"https:\\\/\\\/www.vaniperen.com\\\/fr\\\/\",\"name\":\"Van Iperen France\",\"description\":\"Just another WordPress site\",\"potentialAction\":[{\"@type\":\"SearchAction\",\"target\":{\"@type\":\"EntryPoint\",\"urlTemplate\":\"https:\\\/\\\/www.vaniperen.com\\\/fr\\\/?s={search_term_string}\"},\"query-input\":{\"@type\":\"PropertyValueSpecification\",\"valueRequired\":true,\"valueName\":\"search_term_string\"}}],\"inLanguage\":\"fr-FR\"},{\"@type\":\"Person\",\"@id\":\"https:\\\/\\\/www.vaniperen.com\\\/fr\\\/#\\\/schema\\\/person\\\/90e2a22c89a46d7372af784d14cf67cb\",\"name\":\"Pedro Larios\",\"image\":{\"@type\":\"ImageObject\",\"inLanguage\":\"fr-FR\",\"@id\":\"https:\\\/\\\/secure.gravatar.com\\\/avatar\\\/3b35a5715f1da7715f2921bdf2f098947f963601167c455edcae8d7ff2ae84fd?s=96&d=mm&r=g\",\"url\":\"https:\\\/\\\/secure.gravatar.com\\\/avatar\\\/3b35a5715f1da7715f2921bdf2f098947f963601167c455edcae8d7ff2ae84fd?s=96&d=mm&r=g\",\"contentUrl\":\"https:\\\/\\\/secure.gravatar.com\\\/avatar\\\/3b35a5715f1da7715f2921bdf2f098947f963601167c455edcae8d7ff2ae84fd?s=96&d=mm&r=g\",\"caption\":\"Pedro Larios\"},\"url\":\"https:\\\/\\\/www.vaniperen.com\\\/fr\\\/author\\\/pedro\\\/\"}]}<\/script>\n<!-- \/ Yoast SEO Premium plugin. -->","yoast_head_json":{"title":"Comment Am\u00e9liorer la Qualit\u00e9 de R\u00e9serves de votre Verger apr\u00e8s la R\u00e9colte - Van Iperen France","description":"Les applications post r\u00e9colte constituent le point de d\u00e9part de la saison \u00e0 venir. Ici nous expliquons comment am\u00e9liorer la qualit\u00e9 de r\u00e9serves de votre verger apr\u00e8s la r\u00e9colte","robots":{"index":"index","follow":"follow","max-snippet":"max-snippet:-1","max-image-preview":"max-image-preview:large","max-video-preview":"max-video-preview:-1"},"canonical":"https:\/\/www.vaniperen.com\/fr\/comment-ameliorer-la-qualite-de-reserves-de-votre-verger-apres-la-recolte\/","og_locale":"fr_FR","og_type":"article","og_title":"Comment Am\u00e9liorer la Qualit\u00e9 de R\u00e9serves de votre Verger apr\u00e8s la R\u00e9colte","og_description":"Les applications post r\u00e9colte constituent le point de d\u00e9part de la saison \u00e0 venir. Ici nous expliquons comment am\u00e9liorer la qualit\u00e9 de r\u00e9serves de votre verger apr\u00e8s la r\u00e9colte","og_url":"https:\/\/www.vaniperen.com\/fr\/comment-ameliorer-la-qualite-de-reserves-de-votre-verger-apres-la-recolte\/","og_site_name":"Van Iperen France","article_published_time":"2022-08-22T08:05:45+00:00","article_modified_time":"2023-04-26T06:53:33+00:00","og_image":[{"width":1000,"height":1000,"url":"https:\/\/www.vaniperen.com\/fr\/wp-content\/uploads\/sites\/2\/2022\/08\/VII-FR-How-to-improve-reserves-quality-of-your-orchard-after-harvest-400px.png","type":"image\/png"}],"author":"Pedro Larios","twitter_card":"summary_large_image","twitter_misc":{"\u00c9crit par":"Pedro Larios","Dur\u00e9e de lecture estim\u00e9e":"3 minutes"},"schema":{"@context":"https:\/\/schema.org","@graph":[{"@type":"Article","@id":"https:\/\/www.vaniperen.com\/fr\/comment-ameliorer-la-qualite-de-reserves-de-votre-verger-apres-la-recolte\/#article","isPartOf":{"@id":"https:\/\/www.vaniperen.com\/fr\/comment-ameliorer-la-qualite-de-reserves-de-votre-verger-apres-la-recolte\/"},"author":{"name":"Pedro Larios","@id":"https:\/\/www.vaniperen.com\/fr\/#\/schema\/person\/90e2a22c89a46d7372af784d14cf67cb"},"headline":"Comment Am\u00e9liorer la Qualit\u00e9 de R\u00e9serves de votre Verger apr\u00e8s la R\u00e9colte","datePublished":"2022-08-22T08:05:45+00:00","dateModified":"2023-04-26T06:53:33+00:00","mainEntityOfPage":{"@id":"https:\/\/www.vaniperen.com\/fr\/comment-ameliorer-la-qualite-de-reserves-de-votre-verger-apres-la-recolte\/"},"wordCount":545,"image":{"@id":"https:\/\/www.vaniperen.com\/fr\/comment-ameliorer-la-qualite-de-reserves-de-votre-verger-apres-la-recolte\/#primaryimage"},"thumbnailUrl":"https:\/\/www.vaniperen.com\/fr\/wp-content\/uploads\/sites\/2\/2022\/08\/VII-FR-How-to-improve-reserves-quality-of-your-orchard-after-harvest-400px.png","inLanguage":"fr-FR"},{"@type":"WebPage","@id":"https:\/\/www.vaniperen.com\/fr\/comment-ameliorer-la-qualite-de-reserves-de-votre-verger-apres-la-recolte\/","url":"https:\/\/www.vaniperen.com\/fr\/comment-ameliorer-la-qualite-de-reserves-de-votre-verger-apres-la-recolte\/","name":"Comment Am\u00e9liorer la Qualit\u00e9 de R\u00e9serves de votre Verger apr\u00e8s la R\u00e9colte - Van Iperen France","isPartOf":{"@id":"https:\/\/www.vaniperen.com\/fr\/#website"},"primaryImageOfPage":{"@id":"https:\/\/www.vaniperen.com\/fr\/comment-ameliorer-la-qualite-de-reserves-de-votre-verger-apres-la-recolte\/#primaryimage"},"image":{"@id":"https:\/\/www.vaniperen.com\/fr\/comment-ameliorer-la-qualite-de-reserves-de-votre-verger-apres-la-recolte\/#primaryimage"},"thumbnailUrl":"https:\/\/www.vaniperen.com\/fr\/wp-content\/uploads\/sites\/2\/2022\/08\/VII-FR-How-to-improve-reserves-quality-of-your-orchard-after-harvest-400px.png","datePublished":"2022-08-22T08:05:45+00:00","dateModified":"2023-04-26T06:53:33+00:00","author":{"@id":"https:\/\/www.vaniperen.com\/fr\/#\/schema\/person\/90e2a22c89a46d7372af784d14cf67cb"},"description":"Les applications post r\u00e9colte constituent le point de d\u00e9part de la saison \u00e0 venir. Ici nous expliquons comment am\u00e9liorer la qualit\u00e9 de r\u00e9serves de votre verger apr\u00e8s la r\u00e9colte","breadcrumb":{"@id":"https:\/\/www.vaniperen.com\/fr\/comment-ameliorer-la-qualite-de-reserves-de-votre-verger-apres-la-recolte\/#breadcrumb"},"inLanguage":"fr-FR","potentialAction":[{"@type":"ReadAction","target":["https:\/\/www.vaniperen.com\/fr\/comment-ameliorer-la-qualite-de-reserves-de-votre-verger-apres-la-recolte\/"]}]},{"@type":"ImageObject","inLanguage":"fr-FR","@id":"https:\/\/www.vaniperen.com\/fr\/comment-ameliorer-la-qualite-de-reserves-de-votre-verger-apres-la-recolte\/#primaryimage","url":"https:\/\/www.vaniperen.com\/fr\/wp-content\/uploads\/sites\/2\/2022\/08\/VII-FR-How-to-improve-reserves-quality-of-your-orchard-after-harvest-400px.png","contentUrl":"https:\/\/www.vaniperen.com\/fr\/wp-content\/uploads\/sites\/2\/2022\/08\/VII-FR-How-to-improve-reserves-quality-of-your-orchard-after-harvest-400px.png","width":1000,"height":1000},{"@type":"BreadcrumbList","@id":"https:\/\/www.vaniperen.com\/fr\/comment-ameliorer-la-qualite-de-reserves-de-votre-verger-apres-la-recolte\/#breadcrumb","itemListElement":[{"@type":"ListItem","position":1,"name":"Home","item":"https:\/\/www.vaniperen.com\/fr\/"},{"@type":"ListItem","position":2,"name":"Comment Am\u00e9liorer la Qualit\u00e9 de R\u00e9serves de votre Verger apr\u00e8s la R\u00e9colte"}]},{"@type":"WebSite","@id":"https:\/\/www.vaniperen.com\/fr\/#website","url":"https:\/\/www.vaniperen.com\/fr\/","name":"Van Iperen France","description":"Just another WordPress site","potentialAction":[{"@type":"SearchAction","target":{"@type":"EntryPoint","urlTemplate":"https:\/\/www.vaniperen.com\/fr\/?s={search_term_string}"},"query-input":{"@type":"PropertyValueSpecification","valueRequired":true,"valueName":"search_term_string"}}],"inLanguage":"fr-FR"},{"@type":"Person","@id":"https:\/\/www.vaniperen.com\/fr\/#\/schema\/person\/90e2a22c89a46d7372af784d14cf67cb","name":"Pedro Larios","image":{"@type":"ImageObject","inLanguage":"fr-FR","@id":"https:\/\/secure.gravatar.com\/avatar\/3b35a5715f1da7715f2921bdf2f098947f963601167c455edcae8d7ff2ae84fd?s=96&d=mm&r=g","url":"https:\/\/secure.gravatar.com\/avatar\/3b35a5715f1da7715f2921bdf2f098947f963601167c455edcae8d7ff2ae84fd?s=96&d=mm&r=g","contentUrl":"https:\/\/secure.gravatar.com\/avatar\/3b35a5715f1da7715f2921bdf2f098947f963601167c455edcae8d7ff2ae84fd?s=96&d=mm&r=g","caption":"Pedro Larios"},"url":"https:\/\/www.vaniperen.com\/fr\/author\/pedro\/"}]}},"_links":{"self":[{"href":"https:\/\/www.vaniperen.com\/fr\/wp-json\/wp\/v2\/posts\/8219","targetHints":{"allow":["GET"]}}],"collection":[{"href":"https:\/\/www.vaniperen.com\/fr\/wp-json\/wp\/v2\/posts"}],"about":[{"href":"https:\/\/www.vaniperen.com\/fr\/wp-json\/wp\/v2\/types\/post"}],"author":[{"embeddable":true,"href":"https:\/\/www.vaniperen.com\/fr\/wp-json\/wp\/v2\/users\/16"}],"replies":[{"embeddable":true,"href":"https:\/\/www.vaniperen.com\/fr\/wp-json\/wp\/v2\/comments?post=8219"}],"version-history":[{"count":3,"href":"https:\/\/www.vaniperen.com\/fr\/wp-json\/wp\/v2\/posts\/8219\/revisions"}],"predecessor-version":[{"id":9979,"href":"https:\/\/www.vaniperen.com\/fr\/wp-json\/wp\/v2\/posts\/8219\/revisions\/9979"}],"wp:featuredmedia":[{"embeddable":true,"href":"https:\/\/www.vaniperen.com\/fr\/wp-json\/wp\/v2\/media\/8222"}],"wp:attachment":[{"href":"https:\/\/www.vaniperen.com\/fr\/wp-json\/wp\/v2\/media?parent=8219"}],"curies":[{"name":"wp","href":"https:\/\/api.w.org\/{rel}","templated":true}]}}