{"id":7584,"date":"2022-01-10T14:03:29","date_gmt":"2022-01-10T13:03:29","guid":{"rendered":"https:\/\/www.vaniperen.com\/fr\/?p=7584"},"modified":"2023-04-26T08:56:43","modified_gmt":"2023-04-26T06:56:43","slug":"ttd-a-investi-pour-augmenter-capacite","status":"publish","type":"post","link":"https:\/\/www.vaniperen.com\/fr\/ttd-a-investi-pour-augmenter-capacite\/","title":{"rendered":"Un Gain de Flexibilit\u00e9 au Service de nos Partenaires"},"content":{"rendered":"<p>Notre soci\u00e9t\u00e9 s\u0153ur <strong><a href=\"https:\/\/ttd.com\/\" target=\"_blank\" rel=\"noopener\">Transterminal Dordrecht (TTD)<\/a><\/strong> a investi au cours des derniers mois pour augmenter sa capacit\u00e9, ce qui permet d\u2019accompagner le d\u00e9veloppement de nos activit\u00e9s de production d\u2019engrais NPK hydrosolubles et d\u2019ensachage d\u2019engrais simples. Pour commencer, une nouvelle ligne d\u2019ensachage a \u00e9t\u00e9 install\u00e9e, apportant une capacit\u00e9 suppl\u00e9mentaire de 500 tonnes par mois.<\/p>\n<p><img loading=\"lazy\" decoding=\"async\" class=\"size-full wp-image-7648 aligncenter\" src=\"https:\/\/www.vaniperen.com\/fr\/wp-content\/uploads\/sites\/2\/2022\/01\/New-facilities-at-TTD.png\" alt=\"\" width=\"800\" height=\"500\" srcset=\"https:\/\/www.vaniperen.com\/fr\/wp-content\/uploads\/sites\/2\/2022\/01\/New-facilities-at-TTD.png 800w, https:\/\/www.vaniperen.com\/fr\/wp-content\/uploads\/sites\/2\/2022\/01\/New-facilities-at-TTD-768x480.png 768w, https:\/\/www.vaniperen.com\/fr\/wp-content\/uploads\/sites\/2\/2022\/01\/New-facilities-at-TTD-320x200.png 320w, https:\/\/www.vaniperen.com\/fr\/wp-content\/uploads\/sites\/2\/2022\/01\/New-facilities-at-TTD-100x63.png 100w\" sizes=\"auto, (max-width: 800px) 100vw, 800px\" \/><\/p>\n<p>Un nouveau palettiseur a \u00e9galement \u00e9t\u00e9 install\u00e9. Il sera utilis\u00e9 principalement pour la palettisation des sacs de 10 kg, bien qu\u2019il puisse \u00e9galement servir pour palettiser les sacs de 25 kg. Avec deux palettiseurs, TTD \u00e9largit ses options et ne d\u00e9pend plus d\u2019une seule machine. Le nouveau palettiseur peut \u00eatre utilis\u00e9 simultan\u00e9ment avec la machine existante, apportant la possibilit\u00e9 d\u2019ensacher des quantit\u00e9s plus importantes.<\/p>\n<p>Un nouveau silo a \u00e9galement \u00e9t\u00e9 install\u00e9 la semaine derni\u00e8re. Ce nouveau silo dote TTD d\u2019une capacit\u00e9 accrue de stockage temporaire, qui se traduit par un gain de flexibilit\u00e9 et d\u2019efficacit\u00e9 dans la planification. Associ\u00e9 au nouveau palettiseur, il apportera une capacit\u00e9 d\u2019ensachage suppl\u00e9mentaire de 1\u00a0000 tonnes\/mois. Ce silo utilise en outre une technologie de transport in\u00e9dite, o\u00f9 un syst\u00e8me pneumatique vient remplacer les courroies de transport.<\/p>\n<p>Dans l\u2019ensemble, nous disposons \u00e0 pr\u00e9sent d\u2019une capacit\u00e9 de production suppl\u00e9mentaire de 1\u00a0500 tonnes par mois \u00e0 <a href=\"https:\/\/www.vaniperen.com\/fr\/histoire\/nous-produisons-et-expedions-des-npk-solubles-partout-dans-le-monde\/\" target=\"_blank\" rel=\"noopener\"><strong>TTD<\/strong><\/a>.<\/p>\n","protected":false},"excerpt":{"rendered":"<p>Notre soci\u00e9t\u00e9 s\u0153ur Transterminal Dordrecht (TTD) a investi au cours des derniers mois pour augmenter sa capacit\u00e9, ce qui permet&#8230;<\/p>\n","protected":false},"author":16,"featured_media":7647,"comment_status":"closed","ping_status":"closed","sticky":false,"template":"","format":"standard","meta":{"_acf_changed":false,"_trash_the_other_posts":false,"_monsterinsights_skip_tracking":false,"_monsterinsights_sitenote_active":false,"_monsterinsights_sitenote_note":"","_monsterinsights_sitenote_category":0,"editor_notices":[],"footnotes":""},"class_list":["post-7584","post","type-post","status-publish","format-standard","has-post-thumbnail","hentry"],"acf":[],"yoast_head":"<!-- This site is optimized with the Yoast SEO Premium plugin v27.3 (Yoast SEO v27.3) - https:\/\/yoast.com\/product\/yoast-seo-premium-wordpress\/ -->\n<title>Un Gain de Flexibilit\u00e9 au Service de nos Partenaires - Van Iperen France<\/title>\n<meta name=\"description\" content=\"Notre soci\u00e9t\u00e9 s\u0153ur Transterminal Dordrecht (TTD) a investi au cours des derniers mois pour augmenter sa capacit\u00e9.\" \/>\n<meta name=\"robots\" content=\"index, follow, max-snippet:-1, max-image-preview:large, max-video-preview:-1\" \/>\n<link rel=\"canonical\" href=\"https:\/\/www.vaniperen.com\/fr\/ttd-a-investi-pour-augmenter-capacite\/\" \/>\n<meta property=\"og:locale\" content=\"fr_FR\" \/>\n<meta property=\"og:type\" content=\"article\" \/>\n<meta property=\"og:title\" content=\"Un Gain de Flexibilit\u00e9 au Service de nos Partenaires\" \/>\n<meta property=\"og:description\" content=\"Notre soci\u00e9t\u00e9 s\u0153ur Transterminal Dordrecht (TTD) a investi au cours des derniers mois pour augmenter sa capacit\u00e9.\" \/>\n<meta property=\"og:url\" content=\"https:\/\/www.vaniperen.com\/fr\/ttd-a-investi-pour-augmenter-capacite\/\" \/>\n<meta property=\"og:site_name\" content=\"Van Iperen France\" \/>\n<meta property=\"article:published_time\" content=\"2022-01-10T13:03:29+00:00\" \/>\n<meta property=\"article:modified_time\" content=\"2023-04-26T06:56:43+00:00\" \/>\n<meta property=\"og:image\" content=\"https:\/\/www.vaniperen.com\/fr\/wp-content\/uploads\/sites\/2\/2022\/01\/TTD-Transterminal-Dordrecht-Van-Iperen-International-featured-image.png\" \/>\n\t<meta property=\"og:image:width\" content=\"400\" \/>\n\t<meta property=\"og:image:height\" content=\"400\" \/>\n\t<meta property=\"og:image:type\" content=\"image\/png\" \/>\n<meta name=\"author\" content=\"Pedro Larios\" \/>\n<meta name=\"twitter:card\" content=\"summary_large_image\" \/>\n<meta name=\"twitter:label1\" content=\"\u00c9crit par\" \/>\n\t<meta name=\"twitter:data1\" content=\"Pedro Larios\" \/>\n\t<meta name=\"twitter:label2\" content=\"Dur\u00e9e de lecture estim\u00e9e\" \/>\n\t<meta name=\"twitter:data2\" content=\"2 minutes\" \/>\n<script type=\"application\/ld+json\" class=\"yoast-schema-graph\">{\"@context\":\"https:\\\/\\\/schema.org\",\"@graph\":[{\"@type\":\"Article\",\"@id\":\"https:\\\/\\\/www.vaniperen.com\\\/fr\\\/ttd-a-investi-pour-augmenter-capacite\\\/#article\",\"isPartOf\":{\"@id\":\"https:\\\/\\\/www.vaniperen.com\\\/fr\\\/ttd-a-investi-pour-augmenter-capacite\\\/\"},\"author\":{\"name\":\"Pedro Larios\",\"@id\":\"https:\\\/\\\/www.vaniperen.com\\\/fr\\\/#\\\/schema\\\/person\\\/90e2a22c89a46d7372af784d14cf67cb\"},\"headline\":\"Un Gain de Flexibilit\u00e9 au Service de nos Partenaires\",\"datePublished\":\"2022-01-10T13:03:29+00:00\",\"dateModified\":\"2023-04-26T06:56:43+00:00\",\"mainEntityOfPage\":{\"@id\":\"https:\\\/\\\/www.vaniperen.com\\\/fr\\\/ttd-a-investi-pour-augmenter-capacite\\\/\"},\"wordCount\":233,\"image\":{\"@id\":\"https:\\\/\\\/www.vaniperen.com\\\/fr\\\/ttd-a-investi-pour-augmenter-capacite\\\/#primaryimage\"},\"thumbnailUrl\":\"https:\\\/\\\/www.vaniperen.com\\\/fr\\\/wp-content\\\/uploads\\\/sites\\\/2\\\/2022\\\/01\\\/TTD-Transterminal-Dordrecht-Van-Iperen-International-featured-image.png\",\"inLanguage\":\"fr-FR\"},{\"@type\":\"WebPage\",\"@id\":\"https:\\\/\\\/www.vaniperen.com\\\/fr\\\/ttd-a-investi-pour-augmenter-capacite\\\/\",\"url\":\"https:\\\/\\\/www.vaniperen.com\\\/fr\\\/ttd-a-investi-pour-augmenter-capacite\\\/\",\"name\":\"Un Gain de Flexibilit\u00e9 au Service de nos Partenaires - Van Iperen France\",\"isPartOf\":{\"@id\":\"https:\\\/\\\/www.vaniperen.com\\\/fr\\\/#website\"},\"primaryImageOfPage\":{\"@id\":\"https:\\\/\\\/www.vaniperen.com\\\/fr\\\/ttd-a-investi-pour-augmenter-capacite\\\/#primaryimage\"},\"image\":{\"@id\":\"https:\\\/\\\/www.vaniperen.com\\\/fr\\\/ttd-a-investi-pour-augmenter-capacite\\\/#primaryimage\"},\"thumbnailUrl\":\"https:\\\/\\\/www.vaniperen.com\\\/fr\\\/wp-content\\\/uploads\\\/sites\\\/2\\\/2022\\\/01\\\/TTD-Transterminal-Dordrecht-Van-Iperen-International-featured-image.png\",\"datePublished\":\"2022-01-10T13:03:29+00:00\",\"dateModified\":\"2023-04-26T06:56:43+00:00\",\"author\":{\"@id\":\"https:\\\/\\\/www.vaniperen.com\\\/fr\\\/#\\\/schema\\\/person\\\/90e2a22c89a46d7372af784d14cf67cb\"},\"description\":\"Notre soci\u00e9t\u00e9 s\u0153ur Transterminal Dordrecht (TTD) a investi au cours des derniers mois pour augmenter sa capacit\u00e9.\",\"breadcrumb\":{\"@id\":\"https:\\\/\\\/www.vaniperen.com\\\/fr\\\/ttd-a-investi-pour-augmenter-capacite\\\/#breadcrumb\"},\"inLanguage\":\"fr-FR\",\"potentialAction\":[{\"@type\":\"ReadAction\",\"target\":[\"https:\\\/\\\/www.vaniperen.com\\\/fr\\\/ttd-a-investi-pour-augmenter-capacite\\\/\"]}]},{\"@type\":\"ImageObject\",\"inLanguage\":\"fr-FR\",\"@id\":\"https:\\\/\\\/www.vaniperen.com\\\/fr\\\/ttd-a-investi-pour-augmenter-capacite\\\/#primaryimage\",\"url\":\"https:\\\/\\\/www.vaniperen.com\\\/fr\\\/wp-content\\\/uploads\\\/sites\\\/2\\\/2022\\\/01\\\/TTD-Transterminal-Dordrecht-Van-Iperen-International-featured-image.png\",\"contentUrl\":\"https:\\\/\\\/www.vaniperen.com\\\/fr\\\/wp-content\\\/uploads\\\/sites\\\/2\\\/2022\\\/01\\\/TTD-Transterminal-Dordrecht-Van-Iperen-International-featured-image.png\",\"width\":400,\"height\":400},{\"@type\":\"BreadcrumbList\",\"@id\":\"https:\\\/\\\/www.vaniperen.com\\\/fr\\\/ttd-a-investi-pour-augmenter-capacite\\\/#breadcrumb\",\"itemListElement\":[{\"@type\":\"ListItem\",\"position\":1,\"name\":\"Home\",\"item\":\"https:\\\/\\\/www.vaniperen.com\\\/fr\\\/\"},{\"@type\":\"ListItem\",\"position\":2,\"name\":\"Un Gain de Flexibilit\u00e9 au Service de nos Partenaires\"}]},{\"@type\":\"WebSite\",\"@id\":\"https:\\\/\\\/www.vaniperen.com\\\/fr\\\/#website\",\"url\":\"https:\\\/\\\/www.vaniperen.com\\\/fr\\\/\",\"name\":\"Van Iperen France\",\"description\":\"Just another WordPress site\",\"potentialAction\":[{\"@type\":\"SearchAction\",\"target\":{\"@type\":\"EntryPoint\",\"urlTemplate\":\"https:\\\/\\\/www.vaniperen.com\\\/fr\\\/?s={search_term_string}\"},\"query-input\":{\"@type\":\"PropertyValueSpecification\",\"valueRequired\":true,\"valueName\":\"search_term_string\"}}],\"inLanguage\":\"fr-FR\"},{\"@type\":\"Person\",\"@id\":\"https:\\\/\\\/www.vaniperen.com\\\/fr\\\/#\\\/schema\\\/person\\\/90e2a22c89a46d7372af784d14cf67cb\",\"name\":\"Pedro Larios\",\"image\":{\"@type\":\"ImageObject\",\"inLanguage\":\"fr-FR\",\"@id\":\"https:\\\/\\\/secure.gravatar.com\\\/avatar\\\/3b35a5715f1da7715f2921bdf2f098947f963601167c455edcae8d7ff2ae84fd?s=96&d=mm&r=g\",\"url\":\"https:\\\/\\\/secure.gravatar.com\\\/avatar\\\/3b35a5715f1da7715f2921bdf2f098947f963601167c455edcae8d7ff2ae84fd?s=96&d=mm&r=g\",\"contentUrl\":\"https:\\\/\\\/secure.gravatar.com\\\/avatar\\\/3b35a5715f1da7715f2921bdf2f098947f963601167c455edcae8d7ff2ae84fd?s=96&d=mm&r=g\",\"caption\":\"Pedro Larios\"},\"url\":\"https:\\\/\\\/www.vaniperen.com\\\/fr\\\/author\\\/pedro\\\/\"}]}<\/script>\n<!-- \/ Yoast SEO Premium plugin. -->","yoast_head_json":{"title":"Un Gain de Flexibilit\u00e9 au Service de nos Partenaires - Van Iperen France","description":"Notre soci\u00e9t\u00e9 s\u0153ur Transterminal Dordrecht (TTD) a investi au cours des derniers mois pour augmenter sa capacit\u00e9.","robots":{"index":"index","follow":"follow","max-snippet":"max-snippet:-1","max-image-preview":"max-image-preview:large","max-video-preview":"max-video-preview:-1"},"canonical":"https:\/\/www.vaniperen.com\/fr\/ttd-a-investi-pour-augmenter-capacite\/","og_locale":"fr_FR","og_type":"article","og_title":"Un Gain de Flexibilit\u00e9 au Service de nos Partenaires","og_description":"Notre soci\u00e9t\u00e9 s\u0153ur Transterminal Dordrecht (TTD) a investi au cours des derniers mois pour augmenter sa capacit\u00e9.","og_url":"https:\/\/www.vaniperen.com\/fr\/ttd-a-investi-pour-augmenter-capacite\/","og_site_name":"Van Iperen France","article_published_time":"2022-01-10T13:03:29+00:00","article_modified_time":"2023-04-26T06:56:43+00:00","og_image":[{"width":400,"height":400,"url":"https:\/\/www.vaniperen.com\/fr\/wp-content\/uploads\/sites\/2\/2022\/01\/TTD-Transterminal-Dordrecht-Van-Iperen-International-featured-image.png","type":"image\/png"}],"author":"Pedro Larios","twitter_card":"summary_large_image","twitter_misc":{"\u00c9crit par":"Pedro Larios","Dur\u00e9e de lecture estim\u00e9e":"2 minutes"},"schema":{"@context":"https:\/\/schema.org","@graph":[{"@type":"Article","@id":"https:\/\/www.vaniperen.com\/fr\/ttd-a-investi-pour-augmenter-capacite\/#article","isPartOf":{"@id":"https:\/\/www.vaniperen.com\/fr\/ttd-a-investi-pour-augmenter-capacite\/"},"author":{"name":"Pedro Larios","@id":"https:\/\/www.vaniperen.com\/fr\/#\/schema\/person\/90e2a22c89a46d7372af784d14cf67cb"},"headline":"Un Gain de Flexibilit\u00e9 au Service de nos Partenaires","datePublished":"2022-01-10T13:03:29+00:00","dateModified":"2023-04-26T06:56:43+00:00","mainEntityOfPage":{"@id":"https:\/\/www.vaniperen.com\/fr\/ttd-a-investi-pour-augmenter-capacite\/"},"wordCount":233,"image":{"@id":"https:\/\/www.vaniperen.com\/fr\/ttd-a-investi-pour-augmenter-capacite\/#primaryimage"},"thumbnailUrl":"https:\/\/www.vaniperen.com\/fr\/wp-content\/uploads\/sites\/2\/2022\/01\/TTD-Transterminal-Dordrecht-Van-Iperen-International-featured-image.png","inLanguage":"fr-FR"},{"@type":"WebPage","@id":"https:\/\/www.vaniperen.com\/fr\/ttd-a-investi-pour-augmenter-capacite\/","url":"https:\/\/www.vaniperen.com\/fr\/ttd-a-investi-pour-augmenter-capacite\/","name":"Un Gain de Flexibilit\u00e9 au Service de nos Partenaires - Van Iperen France","isPartOf":{"@id":"https:\/\/www.vaniperen.com\/fr\/#website"},"primaryImageOfPage":{"@id":"https:\/\/www.vaniperen.com\/fr\/ttd-a-investi-pour-augmenter-capacite\/#primaryimage"},"image":{"@id":"https:\/\/www.vaniperen.com\/fr\/ttd-a-investi-pour-augmenter-capacite\/#primaryimage"},"thumbnailUrl":"https:\/\/www.vaniperen.com\/fr\/wp-content\/uploads\/sites\/2\/2022\/01\/TTD-Transterminal-Dordrecht-Van-Iperen-International-featured-image.png","datePublished":"2022-01-10T13:03:29+00:00","dateModified":"2023-04-26T06:56:43+00:00","author":{"@id":"https:\/\/www.vaniperen.com\/fr\/#\/schema\/person\/90e2a22c89a46d7372af784d14cf67cb"},"description":"Notre soci\u00e9t\u00e9 s\u0153ur Transterminal Dordrecht (TTD) a investi au cours des derniers mois pour augmenter sa capacit\u00e9.","breadcrumb":{"@id":"https:\/\/www.vaniperen.com\/fr\/ttd-a-investi-pour-augmenter-capacite\/#breadcrumb"},"inLanguage":"fr-FR","potentialAction":[{"@type":"ReadAction","target":["https:\/\/www.vaniperen.com\/fr\/ttd-a-investi-pour-augmenter-capacite\/"]}]},{"@type":"ImageObject","inLanguage":"fr-FR","@id":"https:\/\/www.vaniperen.com\/fr\/ttd-a-investi-pour-augmenter-capacite\/#primaryimage","url":"https:\/\/www.vaniperen.com\/fr\/wp-content\/uploads\/sites\/2\/2022\/01\/TTD-Transterminal-Dordrecht-Van-Iperen-International-featured-image.png","contentUrl":"https:\/\/www.vaniperen.com\/fr\/wp-content\/uploads\/sites\/2\/2022\/01\/TTD-Transterminal-Dordrecht-Van-Iperen-International-featured-image.png","width":400,"height":400},{"@type":"BreadcrumbList","@id":"https:\/\/www.vaniperen.com\/fr\/ttd-a-investi-pour-augmenter-capacite\/#breadcrumb","itemListElement":[{"@type":"ListItem","position":1,"name":"Home","item":"https:\/\/www.vaniperen.com\/fr\/"},{"@type":"ListItem","position":2,"name":"Un Gain de Flexibilit\u00e9 au Service de nos Partenaires"}]},{"@type":"WebSite","@id":"https:\/\/www.vaniperen.com\/fr\/#website","url":"https:\/\/www.vaniperen.com\/fr\/","name":"Van Iperen France","description":"Just another WordPress site","potentialAction":[{"@type":"SearchAction","target":{"@type":"EntryPoint","urlTemplate":"https:\/\/www.vaniperen.com\/fr\/?s={search_term_string}"},"query-input":{"@type":"PropertyValueSpecification","valueRequired":true,"valueName":"search_term_string"}}],"inLanguage":"fr-FR"},{"@type":"Person","@id":"https:\/\/www.vaniperen.com\/fr\/#\/schema\/person\/90e2a22c89a46d7372af784d14cf67cb","name":"Pedro Larios","image":{"@type":"ImageObject","inLanguage":"fr-FR","@id":"https:\/\/secure.gravatar.com\/avatar\/3b35a5715f1da7715f2921bdf2f098947f963601167c455edcae8d7ff2ae84fd?s=96&d=mm&r=g","url":"https:\/\/secure.gravatar.com\/avatar\/3b35a5715f1da7715f2921bdf2f098947f963601167c455edcae8d7ff2ae84fd?s=96&d=mm&r=g","contentUrl":"https:\/\/secure.gravatar.com\/avatar\/3b35a5715f1da7715f2921bdf2f098947f963601167c455edcae8d7ff2ae84fd?s=96&d=mm&r=g","caption":"Pedro Larios"},"url":"https:\/\/www.vaniperen.com\/fr\/author\/pedro\/"}]}},"_links":{"self":[{"href":"https:\/\/www.vaniperen.com\/fr\/wp-json\/wp\/v2\/posts\/7584","targetHints":{"allow":["GET"]}}],"collection":[{"href":"https:\/\/www.vaniperen.com\/fr\/wp-json\/wp\/v2\/posts"}],"about":[{"href":"https:\/\/www.vaniperen.com\/fr\/wp-json\/wp\/v2\/types\/post"}],"author":[{"embeddable":true,"href":"https:\/\/www.vaniperen.com\/fr\/wp-json\/wp\/v2\/users\/16"}],"replies":[{"embeddable":true,"href":"https:\/\/www.vaniperen.com\/fr\/wp-json\/wp\/v2\/comments?post=7584"}],"version-history":[{"count":5,"href":"https:\/\/www.vaniperen.com\/fr\/wp-json\/wp\/v2\/posts\/7584\/revisions"}],"predecessor-version":[{"id":9993,"href":"https:\/\/www.vaniperen.com\/fr\/wp-json\/wp\/v2\/posts\/7584\/revisions\/9993"}],"wp:featuredmedia":[{"embeddable":true,"href":"https:\/\/www.vaniperen.com\/fr\/wp-json\/wp\/v2\/media\/7647"}],"wp:attachment":[{"href":"https:\/\/www.vaniperen.com\/fr\/wp-json\/wp\/v2\/media?parent=7584"}],"curies":[{"name":"wp","href":"https:\/\/api.w.org\/{rel}","templated":true}]}}