{"id":6460,"date":"2021-02-19T12:08:48","date_gmt":"2021-02-19T11:08:48","guid":{"rendered":"https:\/\/www.vaniperen.com\/fr\/?p=6460"},"modified":"2021-02-19T14:46:16","modified_gmt":"2021-02-19T13:46:16","slug":"100th-anniversary-of-van-iperen","status":"publish","type":"post","link":"https:\/\/www.vaniperen.com\/fr\/100th-anniversary-of-van-iperen\/","title":{"rendered":"100e anniversaire de Van Iperen"},"content":{"rendered":"<p>Nous c\u00e9l\u00e9brons cette ann\u00e9e le 100<sup>e<\/sup> anniversaire de notre soci\u00e9t\u00e9 s\u0153ur, <strong><a href=\"https:\/\/www.iperen.com\/\">Van Iperen<\/a><\/strong>. Un \u00e9v\u00e9nement qui nous remplit de fiert\u00e9. \u00c0 l\u2019occasion de cette date marquante, nous souhaitons mettre en avant nos racines hollandaises et l\u2019exp\u00e9rience acquise au cours de ces dix d\u00e9cennies de travail commun.<\/p>\n<p>D\u00e8s le d\u00e9part, l\u2019ambition de Van Iperen \u00e9tait d\u2019impulser des transformations positives au sein du secteur agricole. Gr\u00e2ce \u00e0 <a href=\"https:\/\/www.vaniperen.com\/fr\/nous-connaitre\/\"><strong>nos origines hollandaises<\/strong><\/a>, nous jouissons d\u2019une solide position dans le domaine de l\u2019horticulture high-tech et dans celui des cultures extensives. Les connaissances d\u00e9velopp\u00e9es gr\u00e2ce \u00e0 notre sens de l\u2019innovation nous permettent <strong>de changer la donne en mati\u00e8re de nutrition v\u00e9g\u00e9tale.<\/strong><\/p>\n<p><a href=\"https:\/\/www.iperen.com\/100\/\"><img loading=\"lazy\" decoding=\"async\" class=\"size-medium wp-image-18412 alignright\" src=\"https:\/\/www.vaniperen.com\/wp-content\/uploads\/2021\/02\/Logo-Van-Iperen-schild-100-jaar-RGB-1024x1024.png\" alt=\"\" width=\"300\" height=\"300\" \/><\/a>Tout au long de ce parcours, nous avons travaill\u00e9 aux c\u00f4t\u00e9s d\u2019agriculteurs et de partenaires avec la volont\u00e9 de proposer des solutions adapt\u00e9es aux d\u00e9fis agricoles du quotidien. Aujourd\u2019hui, les soci\u00e9t\u00e9s Van Iperen et Van Iperen International unissent leurs forces pour s\u2019atteler \u00e0 des objectifs ambitieux\u00a0: permettre aux agriculteurs d\u2019am\u00e9liorer leurs cultures gr\u00e2ce \u00e0 des <strong>engrais innovants<\/strong>, ajouter de <strong>nouvelles solutions durables<\/strong> \u00e0 notre portefeuille et <strong>r\u00e9duire l\u2019impact environnemental<\/strong> du secteur agricole. Toutes ces actions posent des jalons qui permettent d\u2019avancer dans la transition vers <strong>une agriculture plus durable<\/strong>.<\/p>\n<p>Mais revenons \u00e0 ce jubil\u00e9 et \u00e0 notre soci\u00e9t\u00e9 s\u0153ur qui f\u00eate ses 100 ans autour de ce th\u00e8me : <strong><a href=\"https:\/\/www.iperen.com\/100\/\">\u00ab Growing up with Van Iperen \u00bb<\/a><\/strong>.\u00a0 Pour une occasion aussi exceptionnelle, Van Iperen a voulu se pencher sur son histoire et rendre hommage aux employ\u00e9s, agriculteurs et partenaires qui ont choisi Van Iperen au fil des \u00e9poques et des g\u00e9n\u00e9rations. Vous trouverez sur cette page (<a href=\"https:\/\/www.iperen.com\/100\/\">https:\/\/www.iperen.com\/100\/<\/a>) les t\u00e9moignages d\u2019employ\u00e9s et de clients qui \u00e9voquent le parcours accompli aux c\u00f4t\u00e9s de Van Iperen et tout ce qu\u2019ils en ont retir\u00e9 de positif.<\/p>\n<p>Cet anniversaire est l\u2019occasion pour Van Iperen et Van Iperen International de revenir sur ce si\u00e8cle d\u2019existence mais aussi de se tourner vers l\u2019avenir pour imaginer ce que sera la trajectoire future de nos deux soci\u00e9t\u00e9s et du secteur agricole.<\/p>\n","protected":false},"excerpt":{"rendered":"<p>Nous c\u00e9l\u00e9brons cette ann\u00e9e le 100e anniversaire de notre soci\u00e9t\u00e9 s\u0153ur, Van Iperen. Un \u00e9v\u00e9nement qui nous remplit de fiert\u00e9&#8230;.<\/p>\n","protected":false},"author":16,"featured_media":6478,"comment_status":"closed","ping_status":"closed","sticky":false,"template":"","format":"standard","meta":{"_acf_changed":false,"_trash_the_other_posts":false,"_monsterinsights_skip_tracking":false,"_monsterinsights_sitenote_active":false,"_monsterinsights_sitenote_note":"","_monsterinsights_sitenote_category":0,"editor_notices":[],"footnotes":""},"class_list":["post-6460","post","type-post","status-publish","format-standard","has-post-thumbnail","hentry"],"acf":[],"yoast_head":"<!-- This site is optimized with the Yoast SEO Premium plugin v27.3 (Yoast SEO v27.3) - https:\/\/yoast.com\/product\/yoast-seo-premium-wordpress\/ -->\n<title>100e anniversaire de Van Iperen - Van Iperen France<\/title>\n<meta name=\"description\" content=\"C\u00e9l\u00e9brez avec nous le 100e anniversaire de notre soci\u00e9t\u00e9 s\u0153ur, Van Iperen! Ensemble, nous avons voulu changer l&#039;agriculture pour le mieux.\" \/>\n<meta name=\"robots\" content=\"index, follow, max-snippet:-1, max-image-preview:large, max-video-preview:-1\" \/>\n<link rel=\"canonical\" href=\"https:\/\/www.vaniperen.com\/fr\/100th-anniversary-of-van-iperen\/\" \/>\n<meta property=\"og:locale\" content=\"fr_FR\" \/>\n<meta property=\"og:type\" content=\"article\" \/>\n<meta property=\"og:title\" content=\"100e anniversaire de Van Iperen\" \/>\n<meta property=\"og:description\" content=\"C\u00e9l\u00e9brez avec nous le 100e anniversaire de notre soci\u00e9t\u00e9 s\u0153ur, Van Iperen! Ensemble, nous avons voulu changer l&#039;agriculture pour le mieux.\" \/>\n<meta property=\"og:url\" content=\"https:\/\/www.vaniperen.com\/fr\/100th-anniversary-of-van-iperen\/\" \/>\n<meta property=\"og:site_name\" content=\"Van Iperen France\" \/>\n<meta property=\"article:published_time\" content=\"2021-02-19T11:08:48+00:00\" \/>\n<meta property=\"article:modified_time\" content=\"2021-02-19T13:46:16+00:00\" \/>\n<meta property=\"og:image\" content=\"https:\/\/www.vaniperen.com\/fr\/wp-content\/uploads\/sites\/2\/2021\/02\/Logo-Van-Iperen-schild-100-jaar-RGB-e1613733334378.png\" \/>\n\t<meta property=\"og:image:width\" content=\"200\" \/>\n\t<meta property=\"og:image:height\" content=\"200\" \/>\n\t<meta property=\"og:image:type\" content=\"image\/png\" \/>\n<meta name=\"author\" content=\"Pedro Larios\" \/>\n<meta name=\"twitter:card\" content=\"summary_large_image\" \/>\n<meta name=\"twitter:label1\" content=\"\u00c9crit par\" \/>\n\t<meta name=\"twitter:data1\" content=\"Pedro Larios\" \/>\n\t<meta name=\"twitter:label2\" content=\"Dur\u00e9e de lecture estim\u00e9e\" \/>\n\t<meta name=\"twitter:data2\" content=\"2 minutes\" \/>\n<script type=\"application\/ld+json\" class=\"yoast-schema-graph\">{\"@context\":\"https:\\\/\\\/schema.org\",\"@graph\":[{\"@type\":\"Article\",\"@id\":\"https:\\\/\\\/www.vaniperen.com\\\/fr\\\/100th-anniversary-of-van-iperen\\\/#article\",\"isPartOf\":{\"@id\":\"https:\\\/\\\/www.vaniperen.com\\\/fr\\\/100th-anniversary-of-van-iperen\\\/\"},\"author\":{\"name\":\"Pedro Larios\",\"@id\":\"https:\\\/\\\/www.vaniperen.com\\\/fr\\\/#\\\/schema\\\/person\\\/90e2a22c89a46d7372af784d14cf67cb\"},\"headline\":\"100e anniversaire de Van Iperen\",\"datePublished\":\"2021-02-19T11:08:48+00:00\",\"dateModified\":\"2021-02-19T13:46:16+00:00\",\"mainEntityOfPage\":{\"@id\":\"https:\\\/\\\/www.vaniperen.com\\\/fr\\\/100th-anniversary-of-van-iperen\\\/\"},\"wordCount\":380,\"image\":{\"@id\":\"https:\\\/\\\/www.vaniperen.com\\\/fr\\\/100th-anniversary-of-van-iperen\\\/#primaryimage\"},\"thumbnailUrl\":\"https:\\\/\\\/www.vaniperen.com\\\/fr\\\/wp-content\\\/uploads\\\/sites\\\/2\\\/2021\\\/02\\\/Logo-Van-Iperen-schild-100-jaar-RGB-e1613733334378.png\",\"inLanguage\":\"fr-FR\"},{\"@type\":\"WebPage\",\"@id\":\"https:\\\/\\\/www.vaniperen.com\\\/fr\\\/100th-anniversary-of-van-iperen\\\/\",\"url\":\"https:\\\/\\\/www.vaniperen.com\\\/fr\\\/100th-anniversary-of-van-iperen\\\/\",\"name\":\"100e anniversaire de Van Iperen - Van Iperen France\",\"isPartOf\":{\"@id\":\"https:\\\/\\\/www.vaniperen.com\\\/fr\\\/#website\"},\"primaryImageOfPage\":{\"@id\":\"https:\\\/\\\/www.vaniperen.com\\\/fr\\\/100th-anniversary-of-van-iperen\\\/#primaryimage\"},\"image\":{\"@id\":\"https:\\\/\\\/www.vaniperen.com\\\/fr\\\/100th-anniversary-of-van-iperen\\\/#primaryimage\"},\"thumbnailUrl\":\"https:\\\/\\\/www.vaniperen.com\\\/fr\\\/wp-content\\\/uploads\\\/sites\\\/2\\\/2021\\\/02\\\/Logo-Van-Iperen-schild-100-jaar-RGB-e1613733334378.png\",\"datePublished\":\"2021-02-19T11:08:48+00:00\",\"dateModified\":\"2021-02-19T13:46:16+00:00\",\"author\":{\"@id\":\"https:\\\/\\\/www.vaniperen.com\\\/fr\\\/#\\\/schema\\\/person\\\/90e2a22c89a46d7372af784d14cf67cb\"},\"description\":\"C\u00e9l\u00e9brez avec nous le 100e anniversaire de notre soci\u00e9t\u00e9 s\u0153ur, Van Iperen! Ensemble, nous avons voulu changer l'agriculture pour le mieux.\",\"breadcrumb\":{\"@id\":\"https:\\\/\\\/www.vaniperen.com\\\/fr\\\/100th-anniversary-of-van-iperen\\\/#breadcrumb\"},\"inLanguage\":\"fr-FR\",\"potentialAction\":[{\"@type\":\"ReadAction\",\"target\":[\"https:\\\/\\\/www.vaniperen.com\\\/fr\\\/100th-anniversary-of-van-iperen\\\/\"]}]},{\"@type\":\"ImageObject\",\"inLanguage\":\"fr-FR\",\"@id\":\"https:\\\/\\\/www.vaniperen.com\\\/fr\\\/100th-anniversary-of-van-iperen\\\/#primaryimage\",\"url\":\"https:\\\/\\\/www.vaniperen.com\\\/fr\\\/wp-content\\\/uploads\\\/sites\\\/2\\\/2021\\\/02\\\/Logo-Van-Iperen-schild-100-jaar-RGB-e1613733334378.png\",\"contentUrl\":\"https:\\\/\\\/www.vaniperen.com\\\/fr\\\/wp-content\\\/uploads\\\/sites\\\/2\\\/2021\\\/02\\\/Logo-Van-Iperen-schild-100-jaar-RGB-e1613733334378.png\",\"width\":200,\"height\":200},{\"@type\":\"BreadcrumbList\",\"@id\":\"https:\\\/\\\/www.vaniperen.com\\\/fr\\\/100th-anniversary-of-van-iperen\\\/#breadcrumb\",\"itemListElement\":[{\"@type\":\"ListItem\",\"position\":1,\"name\":\"Home\",\"item\":\"https:\\\/\\\/www.vaniperen.com\\\/fr\\\/\"},{\"@type\":\"ListItem\",\"position\":2,\"name\":\"100e anniversaire de Van Iperen\"}]},{\"@type\":\"WebSite\",\"@id\":\"https:\\\/\\\/www.vaniperen.com\\\/fr\\\/#website\",\"url\":\"https:\\\/\\\/www.vaniperen.com\\\/fr\\\/\",\"name\":\"Van Iperen France\",\"description\":\"Just another WordPress site\",\"potentialAction\":[{\"@type\":\"SearchAction\",\"target\":{\"@type\":\"EntryPoint\",\"urlTemplate\":\"https:\\\/\\\/www.vaniperen.com\\\/fr\\\/?s={search_term_string}\"},\"query-input\":{\"@type\":\"PropertyValueSpecification\",\"valueRequired\":true,\"valueName\":\"search_term_string\"}}],\"inLanguage\":\"fr-FR\"},{\"@type\":\"Person\",\"@id\":\"https:\\\/\\\/www.vaniperen.com\\\/fr\\\/#\\\/schema\\\/person\\\/90e2a22c89a46d7372af784d14cf67cb\",\"name\":\"Pedro Larios\",\"image\":{\"@type\":\"ImageObject\",\"inLanguage\":\"fr-FR\",\"@id\":\"https:\\\/\\\/secure.gravatar.com\\\/avatar\\\/3b35a5715f1da7715f2921bdf2f098947f963601167c455edcae8d7ff2ae84fd?s=96&d=mm&r=g\",\"url\":\"https:\\\/\\\/secure.gravatar.com\\\/avatar\\\/3b35a5715f1da7715f2921bdf2f098947f963601167c455edcae8d7ff2ae84fd?s=96&d=mm&r=g\",\"contentUrl\":\"https:\\\/\\\/secure.gravatar.com\\\/avatar\\\/3b35a5715f1da7715f2921bdf2f098947f963601167c455edcae8d7ff2ae84fd?s=96&d=mm&r=g\",\"caption\":\"Pedro Larios\"},\"url\":\"https:\\\/\\\/www.vaniperen.com\\\/fr\\\/author\\\/pedro\\\/\"}]}<\/script>\n<!-- \/ Yoast SEO Premium plugin. -->","yoast_head_json":{"title":"100e anniversaire de Van Iperen - Van Iperen France","description":"C\u00e9l\u00e9brez avec nous le 100e anniversaire de notre soci\u00e9t\u00e9 s\u0153ur, Van Iperen! Ensemble, nous avons voulu changer l'agriculture pour le mieux.","robots":{"index":"index","follow":"follow","max-snippet":"max-snippet:-1","max-image-preview":"max-image-preview:large","max-video-preview":"max-video-preview:-1"},"canonical":"https:\/\/www.vaniperen.com\/fr\/100th-anniversary-of-van-iperen\/","og_locale":"fr_FR","og_type":"article","og_title":"100e anniversaire de Van Iperen","og_description":"C\u00e9l\u00e9brez avec nous le 100e anniversaire de notre soci\u00e9t\u00e9 s\u0153ur, Van Iperen! Ensemble, nous avons voulu changer l'agriculture pour le mieux.","og_url":"https:\/\/www.vaniperen.com\/fr\/100th-anniversary-of-van-iperen\/","og_site_name":"Van Iperen France","article_published_time":"2021-02-19T11:08:48+00:00","article_modified_time":"2021-02-19T13:46:16+00:00","og_image":[{"width":200,"height":200,"url":"https:\/\/www.vaniperen.com\/fr\/wp-content\/uploads\/sites\/2\/2021\/02\/Logo-Van-Iperen-schild-100-jaar-RGB-e1613733334378.png","type":"image\/png"}],"author":"Pedro Larios","twitter_card":"summary_large_image","twitter_misc":{"\u00c9crit par":"Pedro Larios","Dur\u00e9e de lecture estim\u00e9e":"2 minutes"},"schema":{"@context":"https:\/\/schema.org","@graph":[{"@type":"Article","@id":"https:\/\/www.vaniperen.com\/fr\/100th-anniversary-of-van-iperen\/#article","isPartOf":{"@id":"https:\/\/www.vaniperen.com\/fr\/100th-anniversary-of-van-iperen\/"},"author":{"name":"Pedro Larios","@id":"https:\/\/www.vaniperen.com\/fr\/#\/schema\/person\/90e2a22c89a46d7372af784d14cf67cb"},"headline":"100e anniversaire de Van Iperen","datePublished":"2021-02-19T11:08:48+00:00","dateModified":"2021-02-19T13:46:16+00:00","mainEntityOfPage":{"@id":"https:\/\/www.vaniperen.com\/fr\/100th-anniversary-of-van-iperen\/"},"wordCount":380,"image":{"@id":"https:\/\/www.vaniperen.com\/fr\/100th-anniversary-of-van-iperen\/#primaryimage"},"thumbnailUrl":"https:\/\/www.vaniperen.com\/fr\/wp-content\/uploads\/sites\/2\/2021\/02\/Logo-Van-Iperen-schild-100-jaar-RGB-e1613733334378.png","inLanguage":"fr-FR"},{"@type":"WebPage","@id":"https:\/\/www.vaniperen.com\/fr\/100th-anniversary-of-van-iperen\/","url":"https:\/\/www.vaniperen.com\/fr\/100th-anniversary-of-van-iperen\/","name":"100e anniversaire de Van Iperen - Van Iperen France","isPartOf":{"@id":"https:\/\/www.vaniperen.com\/fr\/#website"},"primaryImageOfPage":{"@id":"https:\/\/www.vaniperen.com\/fr\/100th-anniversary-of-van-iperen\/#primaryimage"},"image":{"@id":"https:\/\/www.vaniperen.com\/fr\/100th-anniversary-of-van-iperen\/#primaryimage"},"thumbnailUrl":"https:\/\/www.vaniperen.com\/fr\/wp-content\/uploads\/sites\/2\/2021\/02\/Logo-Van-Iperen-schild-100-jaar-RGB-e1613733334378.png","datePublished":"2021-02-19T11:08:48+00:00","dateModified":"2021-02-19T13:46:16+00:00","author":{"@id":"https:\/\/www.vaniperen.com\/fr\/#\/schema\/person\/90e2a22c89a46d7372af784d14cf67cb"},"description":"C\u00e9l\u00e9brez avec nous le 100e anniversaire de notre soci\u00e9t\u00e9 s\u0153ur, Van Iperen! Ensemble, nous avons voulu changer l'agriculture pour le mieux.","breadcrumb":{"@id":"https:\/\/www.vaniperen.com\/fr\/100th-anniversary-of-van-iperen\/#breadcrumb"},"inLanguage":"fr-FR","potentialAction":[{"@type":"ReadAction","target":["https:\/\/www.vaniperen.com\/fr\/100th-anniversary-of-van-iperen\/"]}]},{"@type":"ImageObject","inLanguage":"fr-FR","@id":"https:\/\/www.vaniperen.com\/fr\/100th-anniversary-of-van-iperen\/#primaryimage","url":"https:\/\/www.vaniperen.com\/fr\/wp-content\/uploads\/sites\/2\/2021\/02\/Logo-Van-Iperen-schild-100-jaar-RGB-e1613733334378.png","contentUrl":"https:\/\/www.vaniperen.com\/fr\/wp-content\/uploads\/sites\/2\/2021\/02\/Logo-Van-Iperen-schild-100-jaar-RGB-e1613733334378.png","width":200,"height":200},{"@type":"BreadcrumbList","@id":"https:\/\/www.vaniperen.com\/fr\/100th-anniversary-of-van-iperen\/#breadcrumb","itemListElement":[{"@type":"ListItem","position":1,"name":"Home","item":"https:\/\/www.vaniperen.com\/fr\/"},{"@type":"ListItem","position":2,"name":"100e anniversaire de Van Iperen"}]},{"@type":"WebSite","@id":"https:\/\/www.vaniperen.com\/fr\/#website","url":"https:\/\/www.vaniperen.com\/fr\/","name":"Van Iperen France","description":"Just another WordPress site","potentialAction":[{"@type":"SearchAction","target":{"@type":"EntryPoint","urlTemplate":"https:\/\/www.vaniperen.com\/fr\/?s={search_term_string}"},"query-input":{"@type":"PropertyValueSpecification","valueRequired":true,"valueName":"search_term_string"}}],"inLanguage":"fr-FR"},{"@type":"Person","@id":"https:\/\/www.vaniperen.com\/fr\/#\/schema\/person\/90e2a22c89a46d7372af784d14cf67cb","name":"Pedro Larios","image":{"@type":"ImageObject","inLanguage":"fr-FR","@id":"https:\/\/secure.gravatar.com\/avatar\/3b35a5715f1da7715f2921bdf2f098947f963601167c455edcae8d7ff2ae84fd?s=96&d=mm&r=g","url":"https:\/\/secure.gravatar.com\/avatar\/3b35a5715f1da7715f2921bdf2f098947f963601167c455edcae8d7ff2ae84fd?s=96&d=mm&r=g","contentUrl":"https:\/\/secure.gravatar.com\/avatar\/3b35a5715f1da7715f2921bdf2f098947f963601167c455edcae8d7ff2ae84fd?s=96&d=mm&r=g","caption":"Pedro Larios"},"url":"https:\/\/www.vaniperen.com\/fr\/author\/pedro\/"}]}},"_links":{"self":[{"href":"https:\/\/www.vaniperen.com\/fr\/wp-json\/wp\/v2\/posts\/6460","targetHints":{"allow":["GET"]}}],"collection":[{"href":"https:\/\/www.vaniperen.com\/fr\/wp-json\/wp\/v2\/posts"}],"about":[{"href":"https:\/\/www.vaniperen.com\/fr\/wp-json\/wp\/v2\/types\/post"}],"author":[{"embeddable":true,"href":"https:\/\/www.vaniperen.com\/fr\/wp-json\/wp\/v2\/users\/16"}],"replies":[{"embeddable":true,"href":"https:\/\/www.vaniperen.com\/fr\/wp-json\/wp\/v2\/comments?post=6460"}],"version-history":[{"count":4,"href":"https:\/\/www.vaniperen.com\/fr\/wp-json\/wp\/v2\/posts\/6460\/revisions"}],"predecessor-version":[{"id":6481,"href":"https:\/\/www.vaniperen.com\/fr\/wp-json\/wp\/v2\/posts\/6460\/revisions\/6481"}],"wp:featuredmedia":[{"embeddable":true,"href":"https:\/\/www.vaniperen.com\/fr\/wp-json\/wp\/v2\/media\/6478"}],"wp:attachment":[{"href":"https:\/\/www.vaniperen.com\/fr\/wp-json\/wp\/v2\/media?parent=6460"}],"curies":[{"name":"wp","href":"https:\/\/api.w.org\/{rel}","templated":true}]}}