{"id":6016,"date":"2020-10-01T16:34:02","date_gmt":"2020-10-01T14:34:02","guid":{"rendered":"https:\/\/www.vaniperen.com\/fr\/?p=6016"},"modified":"2020-10-01T16:34:59","modified_gmt":"2020-10-01T14:34:59","slug":"van-iperen-international-fete-ses-10-ans","status":"publish","type":"post","link":"https:\/\/www.vaniperen.com\/fr\/van-iperen-international-fete-ses-10-ans\/","title":{"rendered":"Van Iperen International f\u00eate ses 10 ans!"},"content":{"rendered":"<p><img loading=\"lazy\" decoding=\"async\" class=\"aligncenter wp-image-5903\" src=\"https:\/\/www.vaniperen.com\/es\/wp-content\/uploads\/sites\/3\/2020\/10\/10th-Anniversary-VII-2-1024x682.jpg\" alt=\"\" width=\"800\" height=\"533\" \/><\/p>\n<p>Le 1er octobre 2020 marque <strong>le 10e anniversaire de Van Iperen International<\/strong>, producteur n\u00e9erlandais de solutions d&rsquo;engrais de sp\u00e9cialit\u00e9 pour la fertigation et l&rsquo;application foliaire. Cette \u00e9tape est une occasion exceptionnelle de rendre hommage aux associ\u00e9s et \u00e0 la <a href=\"https:\/\/www.vaniperen.com\/fr\/nous-connaitre\/\">famille de Van Iperen<\/a> pour leur contribution vitale au cours des derni\u00e8res ann\u00e9es. Pour une occasion aussi sp\u00e9ciale, nous tenons \u00e9galement <strong>\u00e0 remercier nos partenaires pour leur confiance et leur chemin avec nous<\/strong>.<\/p>\n<p>Appartenant au groupe Iperen \u00e2g\u00e9 \u00a0de pr\u00e8s de 100 ans, Van Iperen International a d\u00e9fi\u00e9 le march\u00e9 international des engrais de sp\u00e9cialit\u00e9 depuis le d\u00e9but avec de nouveaux concepts et des campagnes de marketing rafra\u00eechissantes, ce qui s&rsquo;est traduit par une croissance rapide et une pr\u00e9sence dans plus de 100 pays avec des partenaires de distribution. Depuis 10 ans, nous sommes pleinement engag\u00e9s dans une agriculture durable. <strong><a href=\"https:\/\/www.vaniperen.com\/fr\/projet-plants-for-plants\/\">Plants for Plants\u00ae<\/a><\/strong> et <strong><a href=\"https:\/\/www.vaniperen.com\/fr\/greenswitch\/\">GreenSwitch\u00ae<\/a><\/strong>, nos deux projets innovants, s&rsquo;inscrivent parfaitement dans ce cadre tout en visant \u00e0 changer les r\u00e8gles du jeu en nutrition des plantes.<\/p>\n<p>Le directeur g\u00e9n\u00e9ral de Van Iperen International, <strong>Erik van den Bergh<\/strong>, a d\u00e9clar\u00e9: \u00abAu cours des 10 derni\u00e8res ann\u00e9es, nous avons d\u00e9velopp\u00e9 notre organisation pour cr\u00e9er une plate-forme de marketing et de vente solide et comp\u00e9titive. Avec cette plate-forme pleinement op\u00e9rationnelle, <strong>Van Iperen International est pr\u00eat \u00e0 faire le d\u00e9clic vert et \u00e0 surprendre le monde!\u00bb.<\/strong><\/p>\n","protected":false},"excerpt":{"rendered":"<p>Le 1er octobre 2020 marque le 10e anniversaire de Van Iperen International, producteur n\u00e9erlandais de solutions d&rsquo;engrais de sp\u00e9cialit\u00e9 pour&#8230;<\/p>\n","protected":false},"author":16,"featured_media":6017,"comment_status":"closed","ping_status":"closed","sticky":false,"template":"","format":"standard","meta":{"_acf_changed":false,"_trash_the_other_posts":false,"_monsterinsights_skip_tracking":false,"_monsterinsights_sitenote_active":false,"_monsterinsights_sitenote_note":"","_monsterinsights_sitenote_category":0,"editor_notices":[],"footnotes":""},"class_list":["post-6016","post","type-post","status-publish","format-standard","has-post-thumbnail","hentry"],"acf":[],"yoast_head":"<!-- This site is optimized with the Yoast SEO Premium plugin v27.3 (Yoast SEO v27.3) - https:\/\/yoast.com\/product\/yoast-seo-premium-wordpress\/ -->\n<title>Van Iperen International f\u00eate ses 10 ans! - Van Iperen France<\/title>\n<meta name=\"description\" content=\"Le 1er octobre 2020 marque le 10e anniversaire de Van Iperen International. Pour une occasion aussi sp\u00e9ciale, nous tenons \u00e9galement \u00e0 remercier nos partenaires pour leur confiance.\" \/>\n<meta name=\"robots\" content=\"index, follow, max-snippet:-1, max-image-preview:large, max-video-preview:-1\" \/>\n<link rel=\"canonical\" href=\"https:\/\/www.vaniperen.com\/fr\/van-iperen-international-fete-ses-10-ans\/\" \/>\n<meta property=\"og:locale\" content=\"fr_FR\" \/>\n<meta property=\"og:type\" content=\"article\" \/>\n<meta property=\"og:title\" content=\"Van Iperen International f\u00eate ses 10 ans!\" \/>\n<meta property=\"og:description\" content=\"Le 1er octobre 2020 marque le 10e anniversaire de Van Iperen International. Pour une occasion aussi sp\u00e9ciale, nous tenons \u00e9galement \u00e0 remercier nos partenaires pour leur confiance.\" \/>\n<meta property=\"og:url\" content=\"https:\/\/www.vaniperen.com\/fr\/van-iperen-international-fete-ses-10-ans\/\" \/>\n<meta property=\"og:site_name\" content=\"Van Iperen France\" \/>\n<meta property=\"article:published_time\" content=\"2020-10-01T14:34:02+00:00\" \/>\n<meta property=\"article:modified_time\" content=\"2020-10-01T14:34:59+00:00\" \/>\n<meta property=\"og:image\" content=\"https:\/\/www.vaniperen.com\/fr\/wp-content\/uploads\/sites\/2\/2020\/10\/10th-Anniversary-VII-2.jpg\" \/>\n\t<meta property=\"og:image:width\" content=\"1772\" \/>\n\t<meta property=\"og:image:height\" content=\"1181\" \/>\n\t<meta property=\"og:image:type\" content=\"image\/jpeg\" \/>\n<meta name=\"author\" content=\"Pedro Larios\" \/>\n<meta name=\"twitter:card\" content=\"summary_large_image\" \/>\n<meta name=\"twitter:label1\" content=\"\u00c9crit par\" \/>\n\t<meta name=\"twitter:data1\" content=\"Pedro Larios\" \/>\n\t<meta name=\"twitter:label2\" content=\"Dur\u00e9e de lecture estim\u00e9e\" \/>\n\t<meta name=\"twitter:data2\" content=\"1 minute\" \/>\n<script type=\"application\/ld+json\" class=\"yoast-schema-graph\">{\"@context\":\"https:\\\/\\\/schema.org\",\"@graph\":[{\"@type\":\"Article\",\"@id\":\"https:\\\/\\\/www.vaniperen.com\\\/fr\\\/van-iperen-international-fete-ses-10-ans\\\/#article\",\"isPartOf\":{\"@id\":\"https:\\\/\\\/www.vaniperen.com\\\/fr\\\/van-iperen-international-fete-ses-10-ans\\\/\"},\"author\":{\"name\":\"Pedro Larios\",\"@id\":\"https:\\\/\\\/www.vaniperen.com\\\/fr\\\/#\\\/schema\\\/person\\\/90e2a22c89a46d7372af784d14cf67cb\"},\"headline\":\"Van Iperen International f\u00eate ses 10 ans!\",\"datePublished\":\"2020-10-01T14:34:02+00:00\",\"dateModified\":\"2020-10-01T14:34:59+00:00\",\"mainEntityOfPage\":{\"@id\":\"https:\\\/\\\/www.vaniperen.com\\\/fr\\\/van-iperen-international-fete-ses-10-ans\\\/\"},\"wordCount\":248,\"image\":{\"@id\":\"https:\\\/\\\/www.vaniperen.com\\\/fr\\\/van-iperen-international-fete-ses-10-ans\\\/#primaryimage\"},\"thumbnailUrl\":\"https:\\\/\\\/www.vaniperen.com\\\/fr\\\/wp-content\\\/uploads\\\/sites\\\/2\\\/2020\\\/10\\\/10th-Anniversary-VII-2.jpg\",\"inLanguage\":\"fr-FR\"},{\"@type\":\"WebPage\",\"@id\":\"https:\\\/\\\/www.vaniperen.com\\\/fr\\\/van-iperen-international-fete-ses-10-ans\\\/\",\"url\":\"https:\\\/\\\/www.vaniperen.com\\\/fr\\\/van-iperen-international-fete-ses-10-ans\\\/\",\"name\":\"Van Iperen International f\u00eate ses 10 ans! - Van Iperen France\",\"isPartOf\":{\"@id\":\"https:\\\/\\\/www.vaniperen.com\\\/fr\\\/#website\"},\"primaryImageOfPage\":{\"@id\":\"https:\\\/\\\/www.vaniperen.com\\\/fr\\\/van-iperen-international-fete-ses-10-ans\\\/#primaryimage\"},\"image\":{\"@id\":\"https:\\\/\\\/www.vaniperen.com\\\/fr\\\/van-iperen-international-fete-ses-10-ans\\\/#primaryimage\"},\"thumbnailUrl\":\"https:\\\/\\\/www.vaniperen.com\\\/fr\\\/wp-content\\\/uploads\\\/sites\\\/2\\\/2020\\\/10\\\/10th-Anniversary-VII-2.jpg\",\"datePublished\":\"2020-10-01T14:34:02+00:00\",\"dateModified\":\"2020-10-01T14:34:59+00:00\",\"author\":{\"@id\":\"https:\\\/\\\/www.vaniperen.com\\\/fr\\\/#\\\/schema\\\/person\\\/90e2a22c89a46d7372af784d14cf67cb\"},\"description\":\"Le 1er octobre 2020 marque le 10e anniversaire de Van Iperen International. Pour une occasion aussi sp\u00e9ciale, nous tenons \u00e9galement \u00e0 remercier nos partenaires pour leur confiance.\",\"breadcrumb\":{\"@id\":\"https:\\\/\\\/www.vaniperen.com\\\/fr\\\/van-iperen-international-fete-ses-10-ans\\\/#breadcrumb\"},\"inLanguage\":\"fr-FR\",\"potentialAction\":[{\"@type\":\"ReadAction\",\"target\":[\"https:\\\/\\\/www.vaniperen.com\\\/fr\\\/van-iperen-international-fete-ses-10-ans\\\/\"]}]},{\"@type\":\"ImageObject\",\"inLanguage\":\"fr-FR\",\"@id\":\"https:\\\/\\\/www.vaniperen.com\\\/fr\\\/van-iperen-international-fete-ses-10-ans\\\/#primaryimage\",\"url\":\"https:\\\/\\\/www.vaniperen.com\\\/fr\\\/wp-content\\\/uploads\\\/sites\\\/2\\\/2020\\\/10\\\/10th-Anniversary-VII-2.jpg\",\"contentUrl\":\"https:\\\/\\\/www.vaniperen.com\\\/fr\\\/wp-content\\\/uploads\\\/sites\\\/2\\\/2020\\\/10\\\/10th-Anniversary-VII-2.jpg\",\"width\":1772,\"height\":1181},{\"@type\":\"BreadcrumbList\",\"@id\":\"https:\\\/\\\/www.vaniperen.com\\\/fr\\\/van-iperen-international-fete-ses-10-ans\\\/#breadcrumb\",\"itemListElement\":[{\"@type\":\"ListItem\",\"position\":1,\"name\":\"Home\",\"item\":\"https:\\\/\\\/www.vaniperen.com\\\/fr\\\/\"},{\"@type\":\"ListItem\",\"position\":2,\"name\":\"Van Iperen International f\u00eate ses 10 ans!\"}]},{\"@type\":\"WebSite\",\"@id\":\"https:\\\/\\\/www.vaniperen.com\\\/fr\\\/#website\",\"url\":\"https:\\\/\\\/www.vaniperen.com\\\/fr\\\/\",\"name\":\"Van Iperen France\",\"description\":\"Just another WordPress site\",\"potentialAction\":[{\"@type\":\"SearchAction\",\"target\":{\"@type\":\"EntryPoint\",\"urlTemplate\":\"https:\\\/\\\/www.vaniperen.com\\\/fr\\\/?s={search_term_string}\"},\"query-input\":{\"@type\":\"PropertyValueSpecification\",\"valueRequired\":true,\"valueName\":\"search_term_string\"}}],\"inLanguage\":\"fr-FR\"},{\"@type\":\"Person\",\"@id\":\"https:\\\/\\\/www.vaniperen.com\\\/fr\\\/#\\\/schema\\\/person\\\/90e2a22c89a46d7372af784d14cf67cb\",\"name\":\"Pedro Larios\",\"image\":{\"@type\":\"ImageObject\",\"inLanguage\":\"fr-FR\",\"@id\":\"https:\\\/\\\/secure.gravatar.com\\\/avatar\\\/3b35a5715f1da7715f2921bdf2f098947f963601167c455edcae8d7ff2ae84fd?s=96&d=mm&r=g\",\"url\":\"https:\\\/\\\/secure.gravatar.com\\\/avatar\\\/3b35a5715f1da7715f2921bdf2f098947f963601167c455edcae8d7ff2ae84fd?s=96&d=mm&r=g\",\"contentUrl\":\"https:\\\/\\\/secure.gravatar.com\\\/avatar\\\/3b35a5715f1da7715f2921bdf2f098947f963601167c455edcae8d7ff2ae84fd?s=96&d=mm&r=g\",\"caption\":\"Pedro Larios\"},\"url\":\"https:\\\/\\\/www.vaniperen.com\\\/fr\\\/author\\\/pedro\\\/\"}]}<\/script>\n<!-- \/ Yoast SEO Premium plugin. -->","yoast_head_json":{"title":"Van Iperen International f\u00eate ses 10 ans! - Van Iperen France","description":"Le 1er octobre 2020 marque le 10e anniversaire de Van Iperen International. Pour une occasion aussi sp\u00e9ciale, nous tenons \u00e9galement \u00e0 remercier nos partenaires pour leur confiance.","robots":{"index":"index","follow":"follow","max-snippet":"max-snippet:-1","max-image-preview":"max-image-preview:large","max-video-preview":"max-video-preview:-1"},"canonical":"https:\/\/www.vaniperen.com\/fr\/van-iperen-international-fete-ses-10-ans\/","og_locale":"fr_FR","og_type":"article","og_title":"Van Iperen International f\u00eate ses 10 ans!","og_description":"Le 1er octobre 2020 marque le 10e anniversaire de Van Iperen International. Pour une occasion aussi sp\u00e9ciale, nous tenons \u00e9galement \u00e0 remercier nos partenaires pour leur confiance.","og_url":"https:\/\/www.vaniperen.com\/fr\/van-iperen-international-fete-ses-10-ans\/","og_site_name":"Van Iperen France","article_published_time":"2020-10-01T14:34:02+00:00","article_modified_time":"2020-10-01T14:34:59+00:00","og_image":[{"width":1772,"height":1181,"url":"https:\/\/www.vaniperen.com\/fr\/wp-content\/uploads\/sites\/2\/2020\/10\/10th-Anniversary-VII-2.jpg","type":"image\/jpeg"}],"author":"Pedro Larios","twitter_card":"summary_large_image","twitter_misc":{"\u00c9crit par":"Pedro Larios","Dur\u00e9e de lecture estim\u00e9e":"1 minute"},"schema":{"@context":"https:\/\/schema.org","@graph":[{"@type":"Article","@id":"https:\/\/www.vaniperen.com\/fr\/van-iperen-international-fete-ses-10-ans\/#article","isPartOf":{"@id":"https:\/\/www.vaniperen.com\/fr\/van-iperen-international-fete-ses-10-ans\/"},"author":{"name":"Pedro Larios","@id":"https:\/\/www.vaniperen.com\/fr\/#\/schema\/person\/90e2a22c89a46d7372af784d14cf67cb"},"headline":"Van Iperen International f\u00eate ses 10 ans!","datePublished":"2020-10-01T14:34:02+00:00","dateModified":"2020-10-01T14:34:59+00:00","mainEntityOfPage":{"@id":"https:\/\/www.vaniperen.com\/fr\/van-iperen-international-fete-ses-10-ans\/"},"wordCount":248,"image":{"@id":"https:\/\/www.vaniperen.com\/fr\/van-iperen-international-fete-ses-10-ans\/#primaryimage"},"thumbnailUrl":"https:\/\/www.vaniperen.com\/fr\/wp-content\/uploads\/sites\/2\/2020\/10\/10th-Anniversary-VII-2.jpg","inLanguage":"fr-FR"},{"@type":"WebPage","@id":"https:\/\/www.vaniperen.com\/fr\/van-iperen-international-fete-ses-10-ans\/","url":"https:\/\/www.vaniperen.com\/fr\/van-iperen-international-fete-ses-10-ans\/","name":"Van Iperen International f\u00eate ses 10 ans! - Van Iperen France","isPartOf":{"@id":"https:\/\/www.vaniperen.com\/fr\/#website"},"primaryImageOfPage":{"@id":"https:\/\/www.vaniperen.com\/fr\/van-iperen-international-fete-ses-10-ans\/#primaryimage"},"image":{"@id":"https:\/\/www.vaniperen.com\/fr\/van-iperen-international-fete-ses-10-ans\/#primaryimage"},"thumbnailUrl":"https:\/\/www.vaniperen.com\/fr\/wp-content\/uploads\/sites\/2\/2020\/10\/10th-Anniversary-VII-2.jpg","datePublished":"2020-10-01T14:34:02+00:00","dateModified":"2020-10-01T14:34:59+00:00","author":{"@id":"https:\/\/www.vaniperen.com\/fr\/#\/schema\/person\/90e2a22c89a46d7372af784d14cf67cb"},"description":"Le 1er octobre 2020 marque le 10e anniversaire de Van Iperen International. Pour une occasion aussi sp\u00e9ciale, nous tenons \u00e9galement \u00e0 remercier nos partenaires pour leur confiance.","breadcrumb":{"@id":"https:\/\/www.vaniperen.com\/fr\/van-iperen-international-fete-ses-10-ans\/#breadcrumb"},"inLanguage":"fr-FR","potentialAction":[{"@type":"ReadAction","target":["https:\/\/www.vaniperen.com\/fr\/van-iperen-international-fete-ses-10-ans\/"]}]},{"@type":"ImageObject","inLanguage":"fr-FR","@id":"https:\/\/www.vaniperen.com\/fr\/van-iperen-international-fete-ses-10-ans\/#primaryimage","url":"https:\/\/www.vaniperen.com\/fr\/wp-content\/uploads\/sites\/2\/2020\/10\/10th-Anniversary-VII-2.jpg","contentUrl":"https:\/\/www.vaniperen.com\/fr\/wp-content\/uploads\/sites\/2\/2020\/10\/10th-Anniversary-VII-2.jpg","width":1772,"height":1181},{"@type":"BreadcrumbList","@id":"https:\/\/www.vaniperen.com\/fr\/van-iperen-international-fete-ses-10-ans\/#breadcrumb","itemListElement":[{"@type":"ListItem","position":1,"name":"Home","item":"https:\/\/www.vaniperen.com\/fr\/"},{"@type":"ListItem","position":2,"name":"Van Iperen International f\u00eate ses 10 ans!"}]},{"@type":"WebSite","@id":"https:\/\/www.vaniperen.com\/fr\/#website","url":"https:\/\/www.vaniperen.com\/fr\/","name":"Van Iperen France","description":"Just another WordPress site","potentialAction":[{"@type":"SearchAction","target":{"@type":"EntryPoint","urlTemplate":"https:\/\/www.vaniperen.com\/fr\/?s={search_term_string}"},"query-input":{"@type":"PropertyValueSpecification","valueRequired":true,"valueName":"search_term_string"}}],"inLanguage":"fr-FR"},{"@type":"Person","@id":"https:\/\/www.vaniperen.com\/fr\/#\/schema\/person\/90e2a22c89a46d7372af784d14cf67cb","name":"Pedro Larios","image":{"@type":"ImageObject","inLanguage":"fr-FR","@id":"https:\/\/secure.gravatar.com\/avatar\/3b35a5715f1da7715f2921bdf2f098947f963601167c455edcae8d7ff2ae84fd?s=96&d=mm&r=g","url":"https:\/\/secure.gravatar.com\/avatar\/3b35a5715f1da7715f2921bdf2f098947f963601167c455edcae8d7ff2ae84fd?s=96&d=mm&r=g","contentUrl":"https:\/\/secure.gravatar.com\/avatar\/3b35a5715f1da7715f2921bdf2f098947f963601167c455edcae8d7ff2ae84fd?s=96&d=mm&r=g","caption":"Pedro Larios"},"url":"https:\/\/www.vaniperen.com\/fr\/author\/pedro\/"}]}},"_links":{"self":[{"href":"https:\/\/www.vaniperen.com\/fr\/wp-json\/wp\/v2\/posts\/6016","targetHints":{"allow":["GET"]}}],"collection":[{"href":"https:\/\/www.vaniperen.com\/fr\/wp-json\/wp\/v2\/posts"}],"about":[{"href":"https:\/\/www.vaniperen.com\/fr\/wp-json\/wp\/v2\/types\/post"}],"author":[{"embeddable":true,"href":"https:\/\/www.vaniperen.com\/fr\/wp-json\/wp\/v2\/users\/16"}],"replies":[{"embeddable":true,"href":"https:\/\/www.vaniperen.com\/fr\/wp-json\/wp\/v2\/comments?post=6016"}],"version-history":[{"count":1,"href":"https:\/\/www.vaniperen.com\/fr\/wp-json\/wp\/v2\/posts\/6016\/revisions"}],"predecessor-version":[{"id":6021,"href":"https:\/\/www.vaniperen.com\/fr\/wp-json\/wp\/v2\/posts\/6016\/revisions\/6021"}],"wp:featuredmedia":[{"embeddable":true,"href":"https:\/\/www.vaniperen.com\/fr\/wp-json\/wp\/v2\/media\/6017"}],"wp:attachment":[{"href":"https:\/\/www.vaniperen.com\/fr\/wp-json\/wp\/v2\/media?parent=6016"}],"curies":[{"name":"wp","href":"https:\/\/api.w.org\/{rel}","templated":true}]}}