{"id":2953,"date":"2018-08-30T07:12:55","date_gmt":"2018-08-30T07:12:55","guid":{"rendered":"https:\/\/www.vaniperen.com\/fr\/?p=2953"},"modified":"2018-12-18T09:12:54","modified_gmt":"2018-12-18T08:12:54","slug":"accroitre-notre-presence-en-amerique-latine","status":"publish","type":"post","link":"https:\/\/www.vaniperen.com\/fr\/accroitre-notre-presence-en-amerique-latine\/","title":{"rendered":"Accro\u00eetre notre pr\u00e9sence en Am\u00e9rique latine"},"content":{"rendered":"<p>La semaine derni\u00e8re, Van Iperen \u00e9tait pr\u00e9sent \u00e0 Expo Agrofuturo 2018, \u00e0 Bogot\u00e1 en Colombie.<\/p>\n<p>Agrofuturo est l&rsquo;une des plus grands salons agricoles d&rsquo;Am\u00e9rique latine, avec plus de 25 000 visiteurs et 450 exposants repr\u00e9sentant des entreprises de 30 pays.\u00a0 Afin de repr\u00e9senter nos racines n\u00e9erlandaises nous etions pr\u00e9sents sur le pavillon Hollandais.<\/p>\n<p>Philippe Artige (Directeur des Am\u00e9riques) et Eduardo Salazar (Directeur des Ventes Am\u00e9rique Latine) ont particip\u00e9 \u00e0 l\u2019exposition avec notre agent local Andres Castillo (Directeur de D\u2019Agri Colombia). Ils ont rencontr\u00e9 de nombreux producteurs et distributeurs, notamment du Mexique, du P\u00e9rou et de la Colombie. L&rsquo;accent a \u00e9t\u00e9 mis sur nos Solutions\u00a0 Haute Performance, y compris <a href=\"https:\/\/www.vaniperen.com\/fr\/produits\/iperen-wake-up-liquide-2\/\">Iperen WAKE-up\u00ae Liquide<\/a> et notre <a href=\"https:\/\/www.vaniperen.com\/fr\/histoire\/comment-les-algues-marines-optimisent-les-rendements\/\">gamme FoliaStim\u00ae<\/a>.<\/p>\n<p>Apr\u00e8s quelques ann\u00e9es de pr\u00e9sence en Colombie, nous avons re\u00e7u des retours tr\u00e8s positifs du march\u00e9 local. Deux remarques r\u00e9p\u00e9t\u00e9es ont \u00e9t\u00e9 faites: \u00ab<em>Les produits Van Iperen se dissolvent rapidement et sans aucun r\u00e9sidu<\/em>\u00bb et \u00ab<em>Les r\u00e9ponses des cultures sont visuelles et rapides<\/em>\u00bb. En outre, notre soutien local sous la forme de programmes de fertilisation personnalis\u00e9s et d\u2019expertise dans chaque culture ont \u00e9t\u00e9 tr\u00e8s appr\u00e9ci\u00e9s.<\/p>\n<p><img loading=\"lazy\" decoding=\"async\" class=\"alignnone size-medium wp-image-2961\" src=\"https:\/\/www.vaniperen.com\/fr\/wp-content\/uploads\/sites\/2\/2018\/08\/Agrofuturo-1024x1024.jpg\" alt=\"\" width=\"300\" height=\"300\" srcset=\"https:\/\/www.vaniperen.com\/fr\/wp-content\/uploads\/sites\/2\/2018\/08\/Agrofuturo-1024x1024.jpg 1024w, https:\/\/www.vaniperen.com\/fr\/wp-content\/uploads\/sites\/2\/2018\/08\/Agrofuturo-150x150.jpg 150w, https:\/\/www.vaniperen.com\/fr\/wp-content\/uploads\/sites\/2\/2018\/08\/Agrofuturo-768x768.jpg 768w, https:\/\/www.vaniperen.com\/fr\/wp-content\/uploads\/sites\/2\/2018\/08\/Agrofuturo-1440x1440.jpg 1440w, https:\/\/www.vaniperen.com\/fr\/wp-content\/uploads\/sites\/2\/2018\/08\/Agrofuturo-1920x1920.jpg 1920w, https:\/\/www.vaniperen.com\/fr\/wp-content\/uploads\/sites\/2\/2018\/08\/Agrofuturo-320x320.jpg 320w, https:\/\/www.vaniperen.com\/fr\/wp-content\/uploads\/sites\/2\/2018\/08\/Agrofuturo-100x100.jpg 100w, https:\/\/www.vaniperen.com\/fr\/wp-content\/uploads\/sites\/2\/2018\/08\/Agrofuturo-400x400.jpg 400w, https:\/\/www.vaniperen.com\/fr\/wp-content\/uploads\/sites\/2\/2018\/08\/Agrofuturo-220x220.jpg 220w, https:\/\/www.vaniperen.com\/fr\/wp-content\/uploads\/sites\/2\/2018\/08\/Agrofuturo.jpg 2000w\" sizes=\"auto, (max-width: 300px) 100vw, 300px\" \/><\/p>\n","protected":false},"excerpt":{"rendered":"<p>La semaine derni\u00e8re, Van Iperen \u00e9tait pr\u00e9sent \u00e0 Expo Agrofuturo 2018, \u00e0 Bogot\u00e1 en Colombie. Agrofuturo est l&rsquo;une des plus&#8230;<\/p>\n","protected":false},"author":8,"featured_media":3562,"comment_status":"open","ping_status":"open","sticky":false,"template":"","format":"standard","meta":{"_acf_changed":false,"_trash_the_other_posts":false,"_monsterinsights_skip_tracking":false,"_monsterinsights_sitenote_active":false,"_monsterinsights_sitenote_note":"","_monsterinsights_sitenote_category":0,"editor_notices":[],"footnotes":""},"class_list":["post-2953","post","type-post","status-publish","format-standard","has-post-thumbnail","hentry"],"acf":[],"yoast_head":"<!-- This site is optimized with the Yoast SEO Premium plugin v27.3 (Yoast SEO v27.3) - https:\/\/yoast.com\/product\/yoast-seo-premium-wordpress\/ -->\n<title>Accro\u00eetre notre pr\u00e9sence en Am\u00e9rique latine - Van Iperen France<\/title>\n<meta name=\"robots\" content=\"index, follow, max-snippet:-1, max-image-preview:large, max-video-preview:-1\" \/>\n<link rel=\"canonical\" href=\"https:\/\/www.vaniperen.com\/fr\/accroitre-notre-presence-en-amerique-latine\/\" \/>\n<meta property=\"og:locale\" content=\"fr_FR\" \/>\n<meta property=\"og:type\" content=\"article\" \/>\n<meta property=\"og:title\" content=\"Accro\u00eetre notre pr\u00e9sence en Am\u00e9rique latine\" \/>\n<meta property=\"og:description\" content=\"La semaine derni\u00e8re, Van Iperen \u00e9tait pr\u00e9sent \u00e0 Expo Agrofuturo 2018, \u00e0 Bogot\u00e1 en Colombie. Agrofuturo est l&rsquo;une des plus...\" \/>\n<meta property=\"og:url\" content=\"https:\/\/www.vaniperen.com\/fr\/accroitre-notre-presence-en-amerique-latine\/\" \/>\n<meta property=\"og:site_name\" content=\"Van Iperen France\" \/>\n<meta property=\"article:published_time\" content=\"2018-08-30T07:12:55+00:00\" \/>\n<meta property=\"article:modified_time\" content=\"2018-12-18T08:12:54+00:00\" \/>\n<meta property=\"og:image\" content=\"https:\/\/www.vaniperen.com\/fr\/wp-content\/uploads\/sites\/2\/2018\/08\/Agrofuturo3.jpg\" \/>\n\t<meta property=\"og:image:width\" content=\"894\" \/>\n\t<meta property=\"og:image:height\" content=\"319\" \/>\n\t<meta property=\"og:image:type\" content=\"image\/jpeg\" \/>\n<meta name=\"author\" content=\"marielle\" \/>\n<meta name=\"twitter:card\" content=\"summary_large_image\" \/>\n<meta name=\"twitter:label1\" content=\"\u00c9crit par\" \/>\n\t<meta name=\"twitter:data1\" content=\"marielle\" \/>\n\t<meta name=\"twitter:label2\" content=\"Dur\u00e9e de lecture estim\u00e9e\" \/>\n\t<meta name=\"twitter:data2\" content=\"1 minute\" \/>\n<script type=\"application\/ld+json\" class=\"yoast-schema-graph\">{\"@context\":\"https:\\\/\\\/schema.org\",\"@graph\":[{\"@type\":\"Article\",\"@id\":\"https:\\\/\\\/www.vaniperen.com\\\/fr\\\/accroitre-notre-presence-en-amerique-latine\\\/#article\",\"isPartOf\":{\"@id\":\"https:\\\/\\\/www.vaniperen.com\\\/fr\\\/accroitre-notre-presence-en-amerique-latine\\\/\"},\"author\":{\"name\":\"marielle\",\"@id\":\"https:\\\/\\\/www.vaniperen.com\\\/fr\\\/#\\\/schema\\\/person\\\/a4fda955c5f6f0ff64d92c652af379b6\"},\"headline\":\"Accro\u00eetre notre pr\u00e9sence en Am\u00e9rique latine\",\"datePublished\":\"2018-08-30T07:12:55+00:00\",\"dateModified\":\"2018-12-18T08:12:54+00:00\",\"mainEntityOfPage\":{\"@id\":\"https:\\\/\\\/www.vaniperen.com\\\/fr\\\/accroitre-notre-presence-en-amerique-latine\\\/\"},\"wordCount\":211,\"commentCount\":0,\"image\":{\"@id\":\"https:\\\/\\\/www.vaniperen.com\\\/fr\\\/accroitre-notre-presence-en-amerique-latine\\\/#primaryimage\"},\"thumbnailUrl\":\"https:\\\/\\\/www.vaniperen.com\\\/fr\\\/wp-content\\\/uploads\\\/sites\\\/2\\\/2018\\\/08\\\/Agrofuturo3.jpg\",\"inLanguage\":\"fr-FR\",\"potentialAction\":[{\"@type\":\"CommentAction\",\"name\":\"Comment\",\"target\":[\"https:\\\/\\\/www.vaniperen.com\\\/fr\\\/accroitre-notre-presence-en-amerique-latine\\\/#respond\"]}]},{\"@type\":\"WebPage\",\"@id\":\"https:\\\/\\\/www.vaniperen.com\\\/fr\\\/accroitre-notre-presence-en-amerique-latine\\\/\",\"url\":\"https:\\\/\\\/www.vaniperen.com\\\/fr\\\/accroitre-notre-presence-en-amerique-latine\\\/\",\"name\":\"Accro\u00eetre notre pr\u00e9sence en Am\u00e9rique latine - Van Iperen France\",\"isPartOf\":{\"@id\":\"https:\\\/\\\/www.vaniperen.com\\\/fr\\\/#website\"},\"primaryImageOfPage\":{\"@id\":\"https:\\\/\\\/www.vaniperen.com\\\/fr\\\/accroitre-notre-presence-en-amerique-latine\\\/#primaryimage\"},\"image\":{\"@id\":\"https:\\\/\\\/www.vaniperen.com\\\/fr\\\/accroitre-notre-presence-en-amerique-latine\\\/#primaryimage\"},\"thumbnailUrl\":\"https:\\\/\\\/www.vaniperen.com\\\/fr\\\/wp-content\\\/uploads\\\/sites\\\/2\\\/2018\\\/08\\\/Agrofuturo3.jpg\",\"datePublished\":\"2018-08-30T07:12:55+00:00\",\"dateModified\":\"2018-12-18T08:12:54+00:00\",\"author\":{\"@id\":\"https:\\\/\\\/www.vaniperen.com\\\/fr\\\/#\\\/schema\\\/person\\\/a4fda955c5f6f0ff64d92c652af379b6\"},\"breadcrumb\":{\"@id\":\"https:\\\/\\\/www.vaniperen.com\\\/fr\\\/accroitre-notre-presence-en-amerique-latine\\\/#breadcrumb\"},\"inLanguage\":\"fr-FR\",\"potentialAction\":[{\"@type\":\"ReadAction\",\"target\":[\"https:\\\/\\\/www.vaniperen.com\\\/fr\\\/accroitre-notre-presence-en-amerique-latine\\\/\"]}]},{\"@type\":\"ImageObject\",\"inLanguage\":\"fr-FR\",\"@id\":\"https:\\\/\\\/www.vaniperen.com\\\/fr\\\/accroitre-notre-presence-en-amerique-latine\\\/#primaryimage\",\"url\":\"https:\\\/\\\/www.vaniperen.com\\\/fr\\\/wp-content\\\/uploads\\\/sites\\\/2\\\/2018\\\/08\\\/Agrofuturo3.jpg\",\"contentUrl\":\"https:\\\/\\\/www.vaniperen.com\\\/fr\\\/wp-content\\\/uploads\\\/sites\\\/2\\\/2018\\\/08\\\/Agrofuturo3.jpg\",\"width\":894,\"height\":319},{\"@type\":\"BreadcrumbList\",\"@id\":\"https:\\\/\\\/www.vaniperen.com\\\/fr\\\/accroitre-notre-presence-en-amerique-latine\\\/#breadcrumb\",\"itemListElement\":[{\"@type\":\"ListItem\",\"position\":1,\"name\":\"Home\",\"item\":\"https:\\\/\\\/www.vaniperen.com\\\/fr\\\/\"},{\"@type\":\"ListItem\",\"position\":2,\"name\":\"Accro\u00eetre notre pr\u00e9sence en Am\u00e9rique latine\"}]},{\"@type\":\"WebSite\",\"@id\":\"https:\\\/\\\/www.vaniperen.com\\\/fr\\\/#website\",\"url\":\"https:\\\/\\\/www.vaniperen.com\\\/fr\\\/\",\"name\":\"Van Iperen France\",\"description\":\"Just another WordPress site\",\"potentialAction\":[{\"@type\":\"SearchAction\",\"target\":{\"@type\":\"EntryPoint\",\"urlTemplate\":\"https:\\\/\\\/www.vaniperen.com\\\/fr\\\/?s={search_term_string}\"},\"query-input\":{\"@type\":\"PropertyValueSpecification\",\"valueRequired\":true,\"valueName\":\"search_term_string\"}}],\"inLanguage\":\"fr-FR\"},{\"@type\":\"Person\",\"@id\":\"https:\\\/\\\/www.vaniperen.com\\\/fr\\\/#\\\/schema\\\/person\\\/a4fda955c5f6f0ff64d92c652af379b6\",\"name\":\"marielle\",\"image\":{\"@type\":\"ImageObject\",\"inLanguage\":\"fr-FR\",\"@id\":\"https:\\\/\\\/secure.gravatar.com\\\/avatar\\\/ad7b9d2ee84abbf4159e9b55180c791c6be590f5600c76f3110da7d1e9c14cc4?s=96&d=mm&r=g\",\"url\":\"https:\\\/\\\/secure.gravatar.com\\\/avatar\\\/ad7b9d2ee84abbf4159e9b55180c791c6be590f5600c76f3110da7d1e9c14cc4?s=96&d=mm&r=g\",\"contentUrl\":\"https:\\\/\\\/secure.gravatar.com\\\/avatar\\\/ad7b9d2ee84abbf4159e9b55180c791c6be590f5600c76f3110da7d1e9c14cc4?s=96&d=mm&r=g\",\"caption\":\"marielle\"},\"url\":\"https:\\\/\\\/www.vaniperen.com\\\/fr\\\/author\\\/marielle\\\/\"}]}<\/script>\n<!-- \/ Yoast SEO Premium plugin. -->","yoast_head_json":{"title":"Accro\u00eetre notre pr\u00e9sence en Am\u00e9rique latine - Van Iperen France","robots":{"index":"index","follow":"follow","max-snippet":"max-snippet:-1","max-image-preview":"max-image-preview:large","max-video-preview":"max-video-preview:-1"},"canonical":"https:\/\/www.vaniperen.com\/fr\/accroitre-notre-presence-en-amerique-latine\/","og_locale":"fr_FR","og_type":"article","og_title":"Accro\u00eetre notre pr\u00e9sence en Am\u00e9rique latine","og_description":"La semaine derni\u00e8re, Van Iperen \u00e9tait pr\u00e9sent \u00e0 Expo Agrofuturo 2018, \u00e0 Bogot\u00e1 en Colombie. Agrofuturo est l&rsquo;une des plus...","og_url":"https:\/\/www.vaniperen.com\/fr\/accroitre-notre-presence-en-amerique-latine\/","og_site_name":"Van Iperen France","article_published_time":"2018-08-30T07:12:55+00:00","article_modified_time":"2018-12-18T08:12:54+00:00","og_image":[{"width":894,"height":319,"url":"https:\/\/www.vaniperen.com\/fr\/wp-content\/uploads\/sites\/2\/2018\/08\/Agrofuturo3.jpg","type":"image\/jpeg"}],"author":"marielle","twitter_card":"summary_large_image","twitter_misc":{"\u00c9crit par":"marielle","Dur\u00e9e de lecture estim\u00e9e":"1 minute"},"schema":{"@context":"https:\/\/schema.org","@graph":[{"@type":"Article","@id":"https:\/\/www.vaniperen.com\/fr\/accroitre-notre-presence-en-amerique-latine\/#article","isPartOf":{"@id":"https:\/\/www.vaniperen.com\/fr\/accroitre-notre-presence-en-amerique-latine\/"},"author":{"name":"marielle","@id":"https:\/\/www.vaniperen.com\/fr\/#\/schema\/person\/a4fda955c5f6f0ff64d92c652af379b6"},"headline":"Accro\u00eetre notre pr\u00e9sence en Am\u00e9rique latine","datePublished":"2018-08-30T07:12:55+00:00","dateModified":"2018-12-18T08:12:54+00:00","mainEntityOfPage":{"@id":"https:\/\/www.vaniperen.com\/fr\/accroitre-notre-presence-en-amerique-latine\/"},"wordCount":211,"commentCount":0,"image":{"@id":"https:\/\/www.vaniperen.com\/fr\/accroitre-notre-presence-en-amerique-latine\/#primaryimage"},"thumbnailUrl":"https:\/\/www.vaniperen.com\/fr\/wp-content\/uploads\/sites\/2\/2018\/08\/Agrofuturo3.jpg","inLanguage":"fr-FR","potentialAction":[{"@type":"CommentAction","name":"Comment","target":["https:\/\/www.vaniperen.com\/fr\/accroitre-notre-presence-en-amerique-latine\/#respond"]}]},{"@type":"WebPage","@id":"https:\/\/www.vaniperen.com\/fr\/accroitre-notre-presence-en-amerique-latine\/","url":"https:\/\/www.vaniperen.com\/fr\/accroitre-notre-presence-en-amerique-latine\/","name":"Accro\u00eetre notre pr\u00e9sence en Am\u00e9rique latine - Van Iperen France","isPartOf":{"@id":"https:\/\/www.vaniperen.com\/fr\/#website"},"primaryImageOfPage":{"@id":"https:\/\/www.vaniperen.com\/fr\/accroitre-notre-presence-en-amerique-latine\/#primaryimage"},"image":{"@id":"https:\/\/www.vaniperen.com\/fr\/accroitre-notre-presence-en-amerique-latine\/#primaryimage"},"thumbnailUrl":"https:\/\/www.vaniperen.com\/fr\/wp-content\/uploads\/sites\/2\/2018\/08\/Agrofuturo3.jpg","datePublished":"2018-08-30T07:12:55+00:00","dateModified":"2018-12-18T08:12:54+00:00","author":{"@id":"https:\/\/www.vaniperen.com\/fr\/#\/schema\/person\/a4fda955c5f6f0ff64d92c652af379b6"},"breadcrumb":{"@id":"https:\/\/www.vaniperen.com\/fr\/accroitre-notre-presence-en-amerique-latine\/#breadcrumb"},"inLanguage":"fr-FR","potentialAction":[{"@type":"ReadAction","target":["https:\/\/www.vaniperen.com\/fr\/accroitre-notre-presence-en-amerique-latine\/"]}]},{"@type":"ImageObject","inLanguage":"fr-FR","@id":"https:\/\/www.vaniperen.com\/fr\/accroitre-notre-presence-en-amerique-latine\/#primaryimage","url":"https:\/\/www.vaniperen.com\/fr\/wp-content\/uploads\/sites\/2\/2018\/08\/Agrofuturo3.jpg","contentUrl":"https:\/\/www.vaniperen.com\/fr\/wp-content\/uploads\/sites\/2\/2018\/08\/Agrofuturo3.jpg","width":894,"height":319},{"@type":"BreadcrumbList","@id":"https:\/\/www.vaniperen.com\/fr\/accroitre-notre-presence-en-amerique-latine\/#breadcrumb","itemListElement":[{"@type":"ListItem","position":1,"name":"Home","item":"https:\/\/www.vaniperen.com\/fr\/"},{"@type":"ListItem","position":2,"name":"Accro\u00eetre notre pr\u00e9sence en Am\u00e9rique latine"}]},{"@type":"WebSite","@id":"https:\/\/www.vaniperen.com\/fr\/#website","url":"https:\/\/www.vaniperen.com\/fr\/","name":"Van Iperen France","description":"Just another WordPress site","potentialAction":[{"@type":"SearchAction","target":{"@type":"EntryPoint","urlTemplate":"https:\/\/www.vaniperen.com\/fr\/?s={search_term_string}"},"query-input":{"@type":"PropertyValueSpecification","valueRequired":true,"valueName":"search_term_string"}}],"inLanguage":"fr-FR"},{"@type":"Person","@id":"https:\/\/www.vaniperen.com\/fr\/#\/schema\/person\/a4fda955c5f6f0ff64d92c652af379b6","name":"marielle","image":{"@type":"ImageObject","inLanguage":"fr-FR","@id":"https:\/\/secure.gravatar.com\/avatar\/ad7b9d2ee84abbf4159e9b55180c791c6be590f5600c76f3110da7d1e9c14cc4?s=96&d=mm&r=g","url":"https:\/\/secure.gravatar.com\/avatar\/ad7b9d2ee84abbf4159e9b55180c791c6be590f5600c76f3110da7d1e9c14cc4?s=96&d=mm&r=g","contentUrl":"https:\/\/secure.gravatar.com\/avatar\/ad7b9d2ee84abbf4159e9b55180c791c6be590f5600c76f3110da7d1e9c14cc4?s=96&d=mm&r=g","caption":"marielle"},"url":"https:\/\/www.vaniperen.com\/fr\/author\/marielle\/"}]}},"_links":{"self":[{"href":"https:\/\/www.vaniperen.com\/fr\/wp-json\/wp\/v2\/posts\/2953","targetHints":{"allow":["GET"]}}],"collection":[{"href":"https:\/\/www.vaniperen.com\/fr\/wp-json\/wp\/v2\/posts"}],"about":[{"href":"https:\/\/www.vaniperen.com\/fr\/wp-json\/wp\/v2\/types\/post"}],"author":[{"embeddable":true,"href":"https:\/\/www.vaniperen.com\/fr\/wp-json\/wp\/v2\/users\/8"}],"replies":[{"embeddable":true,"href":"https:\/\/www.vaniperen.com\/fr\/wp-json\/wp\/v2\/comments?post=2953"}],"version-history":[{"count":2,"href":"https:\/\/www.vaniperen.com\/fr\/wp-json\/wp\/v2\/posts\/2953\/revisions"}],"predecessor-version":[{"id":2962,"href":"https:\/\/www.vaniperen.com\/fr\/wp-json\/wp\/v2\/posts\/2953\/revisions\/2962"}],"wp:featuredmedia":[{"embeddable":true,"href":"https:\/\/www.vaniperen.com\/fr\/wp-json\/wp\/v2\/media\/3562"}],"wp:attachment":[{"href":"https:\/\/www.vaniperen.com\/fr\/wp-json\/wp\/v2\/media?parent=2953"}],"curies":[{"name":"wp","href":"https:\/\/api.w.org\/{rel}","templated":true}]}}