{"id":2739,"date":"2018-06-28T12:21:09","date_gmt":"2018-06-28T12:21:09","guid":{"rendered":"https:\/\/www.vaniperen.com\/fr\/?p=2739"},"modified":"2018-12-18T09:15:45","modified_gmt":"2018-12-18T08:15:45","slug":"une-croissance-perenne","status":"publish","type":"post","link":"https:\/\/www.vaniperen.com\/fr\/une-croissance-perenne\/","title":{"rendered":"Une croissance p\u00e9renne"},"content":{"rendered":"<p>Van Iperen International affine son organisation interne pour tracer la voie d\u2019un d\u00e9veloppement optimal<\/p>\n<p>Depuis ses premiers pas en 2010, Van Iperen International a connu une croissance fulgurante. Une \u00e9quipe professionnelle et des bureaux r\u00e9partis sur tous les continents nous permettent de r\u00e9pondre aux besoins de clients implant\u00e9s dans 90 pays diff\u00e9rents. Afin de travailler \u00e0 vos c\u00f4t\u00e9s de fa\u00e7on encore plus efficace \u00e0 l\u2019avenir, nous avons d\u00e9cid\u00e9 de renforcer notre organisation. Par cons\u00e9quent, \u00e0 compter du mois de juin, l\u2019\u00e9quipe de direction s\u2019est renouvel\u00e9e et \u00e9toff\u00e9e en pr\u00e9paration du d\u00e9veloppement \u00e0 venir de nos activit\u00e9s.<\/p>\n<p><strong>Changements au sein de l\u2019\u00e9quipe de direction<br \/>\n<\/strong>Paul El Safty est devenu Directeur commercial, avec pour mission de superviser l\u2019\u00e9quipe de Responsables commerciaux \u00e0 l\u2019international. Laurent Aubertin demeure Directeur du d\u00e9veloppement de produits et de l\u2019agronomie, et travaille en \u00e9troite collaboration avec nos Agronomes et D\u00e9veloppeurs de produits. Philippe Artige, d\u00e9sormais bas\u00e9 aux \u00c9tats-Unis de fa\u00e7on permanente, est Directeur pour les Am\u00e9riques et g\u00e8re l\u2019ensemble des activit\u00e9s en Am\u00e9rique du Nord et du Sud. Mehrdad Damavandi est devenu Directeur des Op\u00e9rations, sa mission \u00e9tant de g\u00e9rer les Activit\u00e9s administratives, la Gestion des documents, la Production ainsi que le nouveau service Approvisionnement.<\/p>\n<p><img loading=\"lazy\" decoding=\"async\" class=\"aligncenter wp-image-2740 size-full\" src=\"https:\/\/www.vaniperen.com\/fr\/wp-content\/uploads\/sites\/2\/2018\/06\/VII-2.0-FR.png\" alt=\"\" width=\"2833\" height=\"947\" srcset=\"https:\/\/www.vaniperen.com\/fr\/wp-content\/uploads\/sites\/2\/2018\/06\/VII-2.0-FR.png 2833w, https:\/\/www.vaniperen.com\/fr\/wp-content\/uploads\/sites\/2\/2018\/06\/VII-2.0-FR-1024x342.png 1024w, https:\/\/www.vaniperen.com\/fr\/wp-content\/uploads\/sites\/2\/2018\/06\/VII-2.0-FR-768x257.png 768w, https:\/\/www.vaniperen.com\/fr\/wp-content\/uploads\/sites\/2\/2018\/06\/VII-2.0-FR-1440x481.png 1440w, https:\/\/www.vaniperen.com\/fr\/wp-content\/uploads\/sites\/2\/2018\/06\/VII-2.0-FR-1920x642.png 1920w, https:\/\/www.vaniperen.com\/fr\/wp-content\/uploads\/sites\/2\/2018\/06\/VII-2.0-FR-320x107.png 320w, https:\/\/www.vaniperen.com\/fr\/wp-content\/uploads\/sites\/2\/2018\/06\/VII-2.0-FR-100x33.png 100w\" sizes=\"auto, (max-width: 2833px) 100vw, 2833px\" \/><\/p>\n<p>Au sein du service Marketing, Jan van de Voort a rejoint l\u2019entreprise au nouveau poste de Directeur du marketing. Jan peut s\u2019appuyer sur une longue exp\u00e9rience dans le secteur de l\u2019agriculture, en particulier chez Bayer Crop Science. \u00c0 la t\u00eate de ce service, il orientera la strat\u00e9gie marketing de la soci\u00e9t\u00e9 pour les ann\u00e9es \u00e0 venir.<\/p>\n<p><img loading=\"lazy\" decoding=\"async\" class=\"aligncenter wp-image-2741 size-full\" src=\"https:\/\/www.vaniperen.com\/fr\/wp-content\/uploads\/sites\/2\/2018\/06\/VII-2.0-janv-marc-matteo-FR.png\" alt=\"\" width=\"2798\" height=\"900\" srcset=\"https:\/\/www.vaniperen.com\/fr\/wp-content\/uploads\/sites\/2\/2018\/06\/VII-2.0-janv-marc-matteo-FR.png 2798w, https:\/\/www.vaniperen.com\/fr\/wp-content\/uploads\/sites\/2\/2018\/06\/VII-2.0-janv-marc-matteo-FR-1024x329.png 1024w, https:\/\/www.vaniperen.com\/fr\/wp-content\/uploads\/sites\/2\/2018\/06\/VII-2.0-janv-marc-matteo-FR-768x247.png 768w, https:\/\/www.vaniperen.com\/fr\/wp-content\/uploads\/sites\/2\/2018\/06\/VII-2.0-janv-marc-matteo-FR-1440x463.png 1440w, https:\/\/www.vaniperen.com\/fr\/wp-content\/uploads\/sites\/2\/2018\/06\/VII-2.0-janv-marc-matteo-FR-1920x618.png 1920w, https:\/\/www.vaniperen.com\/fr\/wp-content\/uploads\/sites\/2\/2018\/06\/VII-2.0-janv-marc-matteo-FR-320x103.png 320w, https:\/\/www.vaniperen.com\/fr\/wp-content\/uploads\/sites\/2\/2018\/06\/VII-2.0-janv-marc-matteo-FR-100x32.png 100w\" sizes=\"auto, (max-width: 2798px) 100vw, 2798px\" \/><\/p>\n<p><strong>Nouveau : D\u00e9partement Innovations<br \/>\n<\/strong>Pour assurer une croissance p\u00e9renne, l\u2019innovation et la R&amp;D repr\u00e9sentent des aspects essentiels. C\u2019est ce qui a motiv\u00e9 la cr\u00e9ation du nouveau service Innovations, qui aura \u00e0 sa t\u00eate Marc van Oers au poste de Directeur Innovations. Marc travaillera en \u00e9troite collaboration avec l\u2019unit\u00e9 de R&amp;D Landlab implant\u00e9e en Italie ainsi qu\u2019avec nos Ing\u00e9nieurs en d\u00e9veloppement au sein d\u2019Euroliquids. Notre fili\u00e8re de R&amp;D compte quelques innovations tr\u00e8s prometteuses. L\u2019objectif est d\u2019associer aux meilleurs engrais min\u00e9raux conventionnels les opportunit\u00e9s qu\u2019offrent les biostimulants pour cr\u00e9er des produits o\u00f9 la nutrition s\u2019allie \u00e0 la biostimulation.<\/p>\n<p><strong>Nouveau : Chef de produits Biostimulants<br \/>\n<\/strong>En ligne avec cet axe prioritaire associant nutrition et biostimulants, Matteo Graiff a rejoint l\u2019\u00e9quipe marketing au nouveau poste de Chef de produits Biostimulants. Matteo est italien et s&rsquo;appuiera sur son parcours dans le domaine de l\u2019agronomie et de la biostimulation des v\u00e9g\u00e9taux pour soutenir le d\u00e9veloppement futur de notre gamme de biostimulants.<\/p>\n<p><a href=\"https:\/\/www.vaniperen.com\/fr\/nous-connaitre\/rencontrez-notre-equipe\/\">Rencontrez notre \u00e9quipe<\/a><\/p>\n<p><img loading=\"lazy\" decoding=\"async\" class=\"aligncenter wp-image-2742 size-full\" src=\"https:\/\/www.vaniperen.com\/fr\/wp-content\/uploads\/sites\/2\/2018\/06\/erik-quote-FR.png\" alt=\"\" width=\"3672\" height=\"947\" srcset=\"https:\/\/www.vaniperen.com\/fr\/wp-content\/uploads\/sites\/2\/2018\/06\/erik-quote-FR.png 3672w, https:\/\/www.vaniperen.com\/fr\/wp-content\/uploads\/sites\/2\/2018\/06\/erik-quote-FR-1024x264.png 1024w, https:\/\/www.vaniperen.com\/fr\/wp-content\/uploads\/sites\/2\/2018\/06\/erik-quote-FR-768x198.png 768w, https:\/\/www.vaniperen.com\/fr\/wp-content\/uploads\/sites\/2\/2018\/06\/erik-quote-FR-1440x371.png 1440w, https:\/\/www.vaniperen.com\/fr\/wp-content\/uploads\/sites\/2\/2018\/06\/erik-quote-FR-1920x495.png 1920w, https:\/\/www.vaniperen.com\/fr\/wp-content\/uploads\/sites\/2\/2018\/06\/erik-quote-FR-320x83.png 320w, https:\/\/www.vaniperen.com\/fr\/wp-content\/uploads\/sites\/2\/2018\/06\/erik-quote-FR-100x26.png 100w\" sizes=\"auto, (max-width: 3672px) 100vw, 3672px\" \/><\/p>\n","protected":false},"excerpt":{"rendered":"<p>Van Iperen International affine son organisation interne pour tracer la voie d\u2019un d\u00e9veloppement optimal Depuis ses premiers pas en 2010,&#8230;<\/p>\n","protected":false},"author":8,"featured_media":3563,"comment_status":"open","ping_status":"open","sticky":false,"template":"","format":"standard","meta":{"_acf_changed":false,"_trash_the_other_posts":false,"_monsterinsights_skip_tracking":false,"_monsterinsights_sitenote_active":false,"_monsterinsights_sitenote_note":"","_monsterinsights_sitenote_category":0,"editor_notices":[],"footnotes":""},"class_list":["post-2739","post","type-post","status-publish","format-standard","has-post-thumbnail","hentry"],"acf":[],"yoast_head":"<!-- This site is optimized with the Yoast SEO Premium plugin v27.3 (Yoast SEO v27.3) - https:\/\/yoast.com\/product\/yoast-seo-premium-wordpress\/ -->\n<title>Une croissance p\u00e9renne - Van Iperen France<\/title>\n<meta name=\"robots\" content=\"index, follow, max-snippet:-1, max-image-preview:large, max-video-preview:-1\" \/>\n<link rel=\"canonical\" href=\"https:\/\/www.vaniperen.com\/fr\/une-croissance-perenne\/\" \/>\n<meta property=\"og:locale\" content=\"fr_FR\" \/>\n<meta property=\"og:type\" content=\"article\" \/>\n<meta property=\"og:title\" content=\"Une croissance p\u00e9renne\" \/>\n<meta property=\"og:description\" content=\"Van Iperen International affine son organisation interne pour tracer la voie d\u2019un d\u00e9veloppement optimal Depuis ses premiers pas en 2010,...\" \/>\n<meta property=\"og:url\" content=\"https:\/\/www.vaniperen.com\/fr\/une-croissance-perenne\/\" \/>\n<meta property=\"og:site_name\" content=\"Van Iperen France\" \/>\n<meta property=\"article:published_time\" content=\"2018-06-28T12:21:09+00:00\" \/>\n<meta property=\"article:modified_time\" content=\"2018-12-18T08:15:45+00:00\" \/>\n<meta property=\"og:image\" content=\"https:\/\/www.vaniperen.com\/fr\/wp-content\/uploads\/sites\/2\/2018\/06\/Logo_Van_Iperen_Pay_off_FC-Small-Web.png\" \/>\n\t<meta property=\"og:image:width\" content=\"1223\" \/>\n\t<meta property=\"og:image:height\" content=\"435\" \/>\n\t<meta property=\"og:image:type\" content=\"image\/png\" \/>\n<meta name=\"author\" content=\"marielle\" \/>\n<meta name=\"twitter:card\" content=\"summary_large_image\" \/>\n<meta name=\"twitter:label1\" content=\"\u00c9crit par\" \/>\n\t<meta name=\"twitter:data1\" content=\"marielle\" \/>\n\t<meta name=\"twitter:label2\" content=\"Dur\u00e9e de lecture estim\u00e9e\" \/>\n\t<meta name=\"twitter:data2\" content=\"2 minutes\" \/>\n<script type=\"application\/ld+json\" class=\"yoast-schema-graph\">{\"@context\":\"https:\\\/\\\/schema.org\",\"@graph\":[{\"@type\":\"Article\",\"@id\":\"https:\\\/\\\/www.vaniperen.com\\\/fr\\\/une-croissance-perenne\\\/#article\",\"isPartOf\":{\"@id\":\"https:\\\/\\\/www.vaniperen.com\\\/fr\\\/une-croissance-perenne\\\/\"},\"author\":{\"name\":\"marielle\",\"@id\":\"https:\\\/\\\/www.vaniperen.com\\\/fr\\\/#\\\/schema\\\/person\\\/a4fda955c5f6f0ff64d92c652af379b6\"},\"headline\":\"Une croissance p\u00e9renne\",\"datePublished\":\"2018-06-28T12:21:09+00:00\",\"dateModified\":\"2018-12-18T08:15:45+00:00\",\"mainEntityOfPage\":{\"@id\":\"https:\\\/\\\/www.vaniperen.com\\\/fr\\\/une-croissance-perenne\\\/\"},\"wordCount\":479,\"commentCount\":0,\"image\":{\"@id\":\"https:\\\/\\\/www.vaniperen.com\\\/fr\\\/une-croissance-perenne\\\/#primaryimage\"},\"thumbnailUrl\":\"https:\\\/\\\/www.vaniperen.com\\\/fr\\\/wp-content\\\/uploads\\\/sites\\\/2\\\/2018\\\/06\\\/Logo_Van_Iperen_Pay_off_FC-Small-Web.png\",\"inLanguage\":\"fr-FR\",\"potentialAction\":[{\"@type\":\"CommentAction\",\"name\":\"Comment\",\"target\":[\"https:\\\/\\\/www.vaniperen.com\\\/fr\\\/une-croissance-perenne\\\/#respond\"]}]},{\"@type\":\"WebPage\",\"@id\":\"https:\\\/\\\/www.vaniperen.com\\\/fr\\\/une-croissance-perenne\\\/\",\"url\":\"https:\\\/\\\/www.vaniperen.com\\\/fr\\\/une-croissance-perenne\\\/\",\"name\":\"Une croissance p\u00e9renne - Van Iperen France\",\"isPartOf\":{\"@id\":\"https:\\\/\\\/www.vaniperen.com\\\/fr\\\/#website\"},\"primaryImageOfPage\":{\"@id\":\"https:\\\/\\\/www.vaniperen.com\\\/fr\\\/une-croissance-perenne\\\/#primaryimage\"},\"image\":{\"@id\":\"https:\\\/\\\/www.vaniperen.com\\\/fr\\\/une-croissance-perenne\\\/#primaryimage\"},\"thumbnailUrl\":\"https:\\\/\\\/www.vaniperen.com\\\/fr\\\/wp-content\\\/uploads\\\/sites\\\/2\\\/2018\\\/06\\\/Logo_Van_Iperen_Pay_off_FC-Small-Web.png\",\"datePublished\":\"2018-06-28T12:21:09+00:00\",\"dateModified\":\"2018-12-18T08:15:45+00:00\",\"author\":{\"@id\":\"https:\\\/\\\/www.vaniperen.com\\\/fr\\\/#\\\/schema\\\/person\\\/a4fda955c5f6f0ff64d92c652af379b6\"},\"breadcrumb\":{\"@id\":\"https:\\\/\\\/www.vaniperen.com\\\/fr\\\/une-croissance-perenne\\\/#breadcrumb\"},\"inLanguage\":\"fr-FR\",\"potentialAction\":[{\"@type\":\"ReadAction\",\"target\":[\"https:\\\/\\\/www.vaniperen.com\\\/fr\\\/une-croissance-perenne\\\/\"]}]},{\"@type\":\"ImageObject\",\"inLanguage\":\"fr-FR\",\"@id\":\"https:\\\/\\\/www.vaniperen.com\\\/fr\\\/une-croissance-perenne\\\/#primaryimage\",\"url\":\"https:\\\/\\\/www.vaniperen.com\\\/fr\\\/wp-content\\\/uploads\\\/sites\\\/2\\\/2018\\\/06\\\/Logo_Van_Iperen_Pay_off_FC-Small-Web.png\",\"contentUrl\":\"https:\\\/\\\/www.vaniperen.com\\\/fr\\\/wp-content\\\/uploads\\\/sites\\\/2\\\/2018\\\/06\\\/Logo_Van_Iperen_Pay_off_FC-Small-Web.png\",\"width\":1223,\"height\":435},{\"@type\":\"BreadcrumbList\",\"@id\":\"https:\\\/\\\/www.vaniperen.com\\\/fr\\\/une-croissance-perenne\\\/#breadcrumb\",\"itemListElement\":[{\"@type\":\"ListItem\",\"position\":1,\"name\":\"Home\",\"item\":\"https:\\\/\\\/www.vaniperen.com\\\/fr\\\/\"},{\"@type\":\"ListItem\",\"position\":2,\"name\":\"Une croissance p\u00e9renne\"}]},{\"@type\":\"WebSite\",\"@id\":\"https:\\\/\\\/www.vaniperen.com\\\/fr\\\/#website\",\"url\":\"https:\\\/\\\/www.vaniperen.com\\\/fr\\\/\",\"name\":\"Van Iperen France\",\"description\":\"Just another WordPress site\",\"potentialAction\":[{\"@type\":\"SearchAction\",\"target\":{\"@type\":\"EntryPoint\",\"urlTemplate\":\"https:\\\/\\\/www.vaniperen.com\\\/fr\\\/?s={search_term_string}\"},\"query-input\":{\"@type\":\"PropertyValueSpecification\",\"valueRequired\":true,\"valueName\":\"search_term_string\"}}],\"inLanguage\":\"fr-FR\"},{\"@type\":\"Person\",\"@id\":\"https:\\\/\\\/www.vaniperen.com\\\/fr\\\/#\\\/schema\\\/person\\\/a4fda955c5f6f0ff64d92c652af379b6\",\"name\":\"marielle\",\"image\":{\"@type\":\"ImageObject\",\"inLanguage\":\"fr-FR\",\"@id\":\"https:\\\/\\\/secure.gravatar.com\\\/avatar\\\/ad7b9d2ee84abbf4159e9b55180c791c6be590f5600c76f3110da7d1e9c14cc4?s=96&d=mm&r=g\",\"url\":\"https:\\\/\\\/secure.gravatar.com\\\/avatar\\\/ad7b9d2ee84abbf4159e9b55180c791c6be590f5600c76f3110da7d1e9c14cc4?s=96&d=mm&r=g\",\"contentUrl\":\"https:\\\/\\\/secure.gravatar.com\\\/avatar\\\/ad7b9d2ee84abbf4159e9b55180c791c6be590f5600c76f3110da7d1e9c14cc4?s=96&d=mm&r=g\",\"caption\":\"marielle\"},\"url\":\"https:\\\/\\\/www.vaniperen.com\\\/fr\\\/author\\\/marielle\\\/\"}]}<\/script>\n<!-- \/ Yoast SEO Premium plugin. -->","yoast_head_json":{"title":"Une croissance p\u00e9renne - Van Iperen France","robots":{"index":"index","follow":"follow","max-snippet":"max-snippet:-1","max-image-preview":"max-image-preview:large","max-video-preview":"max-video-preview:-1"},"canonical":"https:\/\/www.vaniperen.com\/fr\/une-croissance-perenne\/","og_locale":"fr_FR","og_type":"article","og_title":"Une croissance p\u00e9renne","og_description":"Van Iperen International affine son organisation interne pour tracer la voie d\u2019un d\u00e9veloppement optimal Depuis ses premiers pas en 2010,...","og_url":"https:\/\/www.vaniperen.com\/fr\/une-croissance-perenne\/","og_site_name":"Van Iperen France","article_published_time":"2018-06-28T12:21:09+00:00","article_modified_time":"2018-12-18T08:15:45+00:00","og_image":[{"width":1223,"height":435,"url":"https:\/\/www.vaniperen.com\/fr\/wp-content\/uploads\/sites\/2\/2018\/06\/Logo_Van_Iperen_Pay_off_FC-Small-Web.png","type":"image\/png"}],"author":"marielle","twitter_card":"summary_large_image","twitter_misc":{"\u00c9crit par":"marielle","Dur\u00e9e de lecture estim\u00e9e":"2 minutes"},"schema":{"@context":"https:\/\/schema.org","@graph":[{"@type":"Article","@id":"https:\/\/www.vaniperen.com\/fr\/une-croissance-perenne\/#article","isPartOf":{"@id":"https:\/\/www.vaniperen.com\/fr\/une-croissance-perenne\/"},"author":{"name":"marielle","@id":"https:\/\/www.vaniperen.com\/fr\/#\/schema\/person\/a4fda955c5f6f0ff64d92c652af379b6"},"headline":"Une croissance p\u00e9renne","datePublished":"2018-06-28T12:21:09+00:00","dateModified":"2018-12-18T08:15:45+00:00","mainEntityOfPage":{"@id":"https:\/\/www.vaniperen.com\/fr\/une-croissance-perenne\/"},"wordCount":479,"commentCount":0,"image":{"@id":"https:\/\/www.vaniperen.com\/fr\/une-croissance-perenne\/#primaryimage"},"thumbnailUrl":"https:\/\/www.vaniperen.com\/fr\/wp-content\/uploads\/sites\/2\/2018\/06\/Logo_Van_Iperen_Pay_off_FC-Small-Web.png","inLanguage":"fr-FR","potentialAction":[{"@type":"CommentAction","name":"Comment","target":["https:\/\/www.vaniperen.com\/fr\/une-croissance-perenne\/#respond"]}]},{"@type":"WebPage","@id":"https:\/\/www.vaniperen.com\/fr\/une-croissance-perenne\/","url":"https:\/\/www.vaniperen.com\/fr\/une-croissance-perenne\/","name":"Une croissance p\u00e9renne - Van Iperen France","isPartOf":{"@id":"https:\/\/www.vaniperen.com\/fr\/#website"},"primaryImageOfPage":{"@id":"https:\/\/www.vaniperen.com\/fr\/une-croissance-perenne\/#primaryimage"},"image":{"@id":"https:\/\/www.vaniperen.com\/fr\/une-croissance-perenne\/#primaryimage"},"thumbnailUrl":"https:\/\/www.vaniperen.com\/fr\/wp-content\/uploads\/sites\/2\/2018\/06\/Logo_Van_Iperen_Pay_off_FC-Small-Web.png","datePublished":"2018-06-28T12:21:09+00:00","dateModified":"2018-12-18T08:15:45+00:00","author":{"@id":"https:\/\/www.vaniperen.com\/fr\/#\/schema\/person\/a4fda955c5f6f0ff64d92c652af379b6"},"breadcrumb":{"@id":"https:\/\/www.vaniperen.com\/fr\/une-croissance-perenne\/#breadcrumb"},"inLanguage":"fr-FR","potentialAction":[{"@type":"ReadAction","target":["https:\/\/www.vaniperen.com\/fr\/une-croissance-perenne\/"]}]},{"@type":"ImageObject","inLanguage":"fr-FR","@id":"https:\/\/www.vaniperen.com\/fr\/une-croissance-perenne\/#primaryimage","url":"https:\/\/www.vaniperen.com\/fr\/wp-content\/uploads\/sites\/2\/2018\/06\/Logo_Van_Iperen_Pay_off_FC-Small-Web.png","contentUrl":"https:\/\/www.vaniperen.com\/fr\/wp-content\/uploads\/sites\/2\/2018\/06\/Logo_Van_Iperen_Pay_off_FC-Small-Web.png","width":1223,"height":435},{"@type":"BreadcrumbList","@id":"https:\/\/www.vaniperen.com\/fr\/une-croissance-perenne\/#breadcrumb","itemListElement":[{"@type":"ListItem","position":1,"name":"Home","item":"https:\/\/www.vaniperen.com\/fr\/"},{"@type":"ListItem","position":2,"name":"Une croissance p\u00e9renne"}]},{"@type":"WebSite","@id":"https:\/\/www.vaniperen.com\/fr\/#website","url":"https:\/\/www.vaniperen.com\/fr\/","name":"Van Iperen France","description":"Just another WordPress site","potentialAction":[{"@type":"SearchAction","target":{"@type":"EntryPoint","urlTemplate":"https:\/\/www.vaniperen.com\/fr\/?s={search_term_string}"},"query-input":{"@type":"PropertyValueSpecification","valueRequired":true,"valueName":"search_term_string"}}],"inLanguage":"fr-FR"},{"@type":"Person","@id":"https:\/\/www.vaniperen.com\/fr\/#\/schema\/person\/a4fda955c5f6f0ff64d92c652af379b6","name":"marielle","image":{"@type":"ImageObject","inLanguage":"fr-FR","@id":"https:\/\/secure.gravatar.com\/avatar\/ad7b9d2ee84abbf4159e9b55180c791c6be590f5600c76f3110da7d1e9c14cc4?s=96&d=mm&r=g","url":"https:\/\/secure.gravatar.com\/avatar\/ad7b9d2ee84abbf4159e9b55180c791c6be590f5600c76f3110da7d1e9c14cc4?s=96&d=mm&r=g","contentUrl":"https:\/\/secure.gravatar.com\/avatar\/ad7b9d2ee84abbf4159e9b55180c791c6be590f5600c76f3110da7d1e9c14cc4?s=96&d=mm&r=g","caption":"marielle"},"url":"https:\/\/www.vaniperen.com\/fr\/author\/marielle\/"}]}},"_links":{"self":[{"href":"https:\/\/www.vaniperen.com\/fr\/wp-json\/wp\/v2\/posts\/2739","targetHints":{"allow":["GET"]}}],"collection":[{"href":"https:\/\/www.vaniperen.com\/fr\/wp-json\/wp\/v2\/posts"}],"about":[{"href":"https:\/\/www.vaniperen.com\/fr\/wp-json\/wp\/v2\/types\/post"}],"author":[{"embeddable":true,"href":"https:\/\/www.vaniperen.com\/fr\/wp-json\/wp\/v2\/users\/8"}],"replies":[{"embeddable":true,"href":"https:\/\/www.vaniperen.com\/fr\/wp-json\/wp\/v2\/comments?post=2739"}],"version-history":[{"count":5,"href":"https:\/\/www.vaniperen.com\/fr\/wp-json\/wp\/v2\/posts\/2739\/revisions"}],"predecessor-version":[{"id":2753,"href":"https:\/\/www.vaniperen.com\/fr\/wp-json\/wp\/v2\/posts\/2739\/revisions\/2753"}],"wp:featuredmedia":[{"embeddable":true,"href":"https:\/\/www.vaniperen.com\/fr\/wp-json\/wp\/v2\/media\/3563"}],"wp:attachment":[{"href":"https:\/\/www.vaniperen.com\/fr\/wp-json\/wp\/v2\/media?parent=2739"}],"curies":[{"name":"wp","href":"https:\/\/api.w.org\/{rel}","templated":true}]}}