{"id":10697,"date":"2023-12-15T12:22:06","date_gmt":"2023-12-15T11:22:06","guid":{"rendered":"https:\/\/www.vaniperen.com\/fr\/?p=10697"},"modified":"2024-01-29T11:53:24","modified_gmt":"2024-01-29T10:53:24","slug":"van-iperen-international-message-de-noel-2023","status":"publish","type":"post","link":"https:\/\/www.vaniperen.com\/fr\/van-iperen-international-message-de-noel-2023\/","title":{"rendered":"R\u00e9flexion sur 2023 : Une Ann\u00e9e Marqu\u00e9e par des Jalons dans notre Parcours vers la Transition Verte"},"content":{"rendered":"<p>\u00c0 l&rsquo;approche des f\u00eates, nous sommes \u00e0 nouveau \u00e0 la jonction de la r\u00e9flexion et de l&rsquo;anticipation. L&rsquo;ann\u00e9e 2024 promet de nouveaux d\u00e9fis, et nous sommes enthousiastes de d\u00e9voiler le dernier chapitre de notre parcours vers la transition verte. D\u00e9couvrez les moments forts de 2023 dans notre vid\u00e9o, et c\u00e9l\u00e9brons ensemble les r\u00e9alisations collectives de Van Iperen International !<\/p>\n<div class=\"oembed-component\" data-module=\"oembed\" data-source=\"consent_embed_vimeo\" data-type=\"video\" data-cookiebot=\"1\" data-disable-notice=\"1\">\n<div data-oembed=\"content\">\n<div class=\"oembed-component__content\">\n<div class=\"oembed-placeholder\">\n<div class=\"oembed-placeholder__content\">\n<p id=\"\">This content is available when you accept the cookies.<\/p>\n<p><button class=\"btn btn--secondary js-consent-button \"        ><span class=\"btn__text\">Change cookie settings<\/span><\/button><\/div>\n<\/div>\n<\/div>\n<\/div>\n<p><template><\/p>\n<div class=\"oembed-video\" data-oembed=\"video\"><img decoding=\"async\" class=\"oembed-video__thumbnail\" src=\"https:\/\/i.vimeocdn.com\/video\/1769264742-23bff92279fbb42eac6e470fecd21b9c390488af5e0c568cc7d981768d19fb77-d_640?region=us\" alt=\"\" loading=\"lazy\"><\/p>\n<div class=\"oembed-video__content\"><iframe loading=\"lazy\" title=\"Message de No\u00ebl de Van Iperen International 2023 (FR)\" data-src=\"https:\/\/player.vimeo.com\/video\/894860758?dnt=1&amp;app_id=122963\" width=\"500\" height=\"281\" frameborder=\"0\" allow=\"autoplay; fullscreen; picture-in-picture; clipboard-write\"><\/iframe><\/p>\n<div class=\"oembed-video__button\"><button class=\"btn play-button btn--js-video-play \"     aria-label=\"Play video\"   ><\/button><\/div>\n<\/div>\n<\/div>\n<p><\/template><\/div>\n<p>Malgr\u00e9 les d\u00e9fis impos\u00e9s par\u00a0le march\u00e9 cette ann\u00e9e &#8211; instabilit\u00e9 des prix, stocks \u00e9lev\u00e9s \u00e0 des prix \u00e9lev\u00e9s, r\u00e9ticence des agriculteurs \u00e0 acheter, et instabilit\u00e9 politique, voire guerre dans certaines r\u00e9gions &#8211; nous reconnaissons la r\u00e9alit\u00e9 du terrain. La durabilit\u00e9 est cruciale, et bien que nous soyons engag\u00e9s dans la voie de l&rsquo;avenir, nous restons conscients et d\u00e9termin\u00e9s dans nos efforts pour soutenir nos partenaires \u00e0 surmonter ces difficult\u00e9s.<\/p>\n<p>Au fur et \u00e0 mesure que nous naviguons dans ce voyage, nous savons qu&rsquo;il s&rsquo;agit d&rsquo;un effort collaboratif impliquant toutes les parties prenantes de l&rsquo;industrie. Aussi nous adressons nos sinc\u00e8res remerciements \u00e0 nos partenaires d&rsquo;avoir entrepris le parcours vers la Transition Verte avec nous.<\/p>\n<h3><strong><u>R\u00e9alisations Plants for Plants\u00ae<\/u><\/strong><\/h3>\n<p>Ind\u00e9niablement, 2023 occupera un chapitre sp\u00e9cial dans Transition Verte. Un chapitre m\u00e9morable s&rsquo;est d\u00e9roul\u00e9 lorsque <a href=\"https:\/\/www.vaniperen.com\/fr\/plants-for-plants-remporte-le-eu-life-award-2023-dans-la-categorie-environnement\/\" target=\"_blank\" rel=\"noopener\"><strong>les biostimulants Plants for Plants\u00ae ont re\u00e7u le Prix LIFE europ\u00e9en 2023<\/strong> <\/a>\u00e0 Bruxelles, reconnaissant leur contribution \u00e0 l&rsquo;innovation et \u00e0 la durabilit\u00e9.<\/p>\n<p>Mais ce n&rsquo;\u00e9tait pas la seule r\u00e9alisation avec Plants for Plants\u00ae. Notre nouvelle g\u00e9n\u00e9ration de biostimulants \u00e0 base d\u2019extraits de plantes a obtenu <a href=\"https:\/\/www.vaniperen.com\/fr\/les-biostimulants-plants-for-plants-recoivent-la-certification-dagriculture-biologique-decocert\/\" target=\"_blank\" rel=\"noopener\"><strong>la certification biologique d&rsquo;Ecocert<\/strong><\/a>, reconnaissant egalement leur nature respectueuse de l&rsquo;environnement.<\/p>\n<h3><strong><u>Inauguration de la Premi\u00e8re Usine de Potassium GreenSwitch\u00ae en Su\u00e8de<\/u><\/strong><\/h3>\n<p>Cette ann\u00e9e, le <a href=\"https:\/\/www.vaniperen.com\/fr\/histoire\/greenswitch-potassium\/\" target=\"_blank\" rel=\"noopener\"><strong>projet GreenSwitch\u00ae Potassium<\/strong><\/a> a franchi une nouvelle \u00e9tape avec la construction et le d\u00e9veloppement de la premi\u00e8re usine en Su\u00e8de. En juin, Erik van den Bergh a eu l&rsquo;occasion de visiter notre partenaire Cinis Fertilizer et de constater les progr\u00e8s r\u00e9alis\u00e9s ensemble. Le lancement \u00e0 venir du<a href=\"https:\/\/www.vaniperen.com\/fr\/produits\/greenswitch-potassium-sulphate-sop-hg-engrais\/\" target=\"_blank\" rel=\"noopener\"><strong> GreenSwitch\u00ae SOP<\/strong><\/a> en 2024 ajoute une autre dimension \u00e0 notre engagement\u00a0 qui consiste \u00e0 proposer aux agriculteurs de minimiser leur impact environnemental.<\/p>\n<h3><strong><u>Expansion de l&rsquo;Usine de Nitrate GreenSwitch\u00ae<\/u><\/strong><\/h3>\n<p>Simultan\u00e9ment, nos <a href=\"https:\/\/www.vaniperen.com\/fr\/van-iperen-international-devoile-son-plan-dexpansion-de-lusine-greenswitch-nitrate\/\" target=\"_blank\" rel=\"noopener\"><strong>projets d&rsquo;expansion de l&rsquo;usine de nitrate GreenSwitch\u00ae<\/strong><\/a> aux Pays-Bas signifient une d\u00e9marche strat\u00e9gique visant \u00e0 am\u00e9liorer l&rsquo;efficacit\u00e9 \u00e9nerg\u00e9tique, \u00e0 r\u00e9duire l&#8217;empreinte carbone, \u00e0 diversifier notre gamme de fertilisants durables et \u00e0 commencer la production d&rsquo;acide nitrique aux c\u00f4t\u00e9s du nitrate de potassium liquide. La premi\u00e8re moiti\u00e9 de 2024 devrait voir la fin de l&rsquo;expansion.<\/p>\n<h3><strong><u>Histoires de succ\u00e8s avec les Engrais et Biostimulants Van Iperen<\/u><\/strong><\/h3>\n<p>Tout au long de l&rsquo;ann\u00e9e, nous avons pu collecter des succ\u00e8s ont \u00e9merg\u00e9 avec les engrais et les biostimulants Van Iperen. Par exemple, <a href=\"https:\/\/www.vaniperen.com\/fr\/ok-plant-mise-sur-des-engrais-circulaires-avec-greenswitch-original\/\" target=\"_blank\" rel=\"noopener\"><strong>OK Plant<\/strong><\/a>, une p\u00e9pini\u00e8re d&rsquo;orchid\u00e9es n\u00e9erlandaise, a int\u00e9gr\u00e9 le GreenSwitch\u00ae Original dans sa production en serre. <a href=\"https:\/\/www.vaniperen.com\/fr\/la-voix-des-agriculteurs-vi-plants-for-plants-4-good-ameliore-la-qualite-des-tubercules-et-le-rendement-de-pomme-de-terre\/\" target=\"_blank\" rel=\"noopener\"><strong>Agrikamp<\/strong> <\/a>et le <a href=\"https:\/\/www.vaniperen.com\/fr\/la-voix-des-agriculteurs-vi-plants-for-plants-4-good-ameliore-la-qualite-des-tubercules-et-le-rendement-de-pomme-de-terre\/\" target=\"_blank\" rel=\"noopener\"><strong>Ch\u00e2teau de Cornelia<\/strong><\/a> ont partag\u00e9 leurs r\u00e9sultats positifs avec Plants for Plants\u00ae dans des cultures telles que les pommes de terre et les vignobles, mettant en avant l&rsquo;impact pragmatique des biostimulants durables.<\/p>\n<p>En 2023, notre d\u00e9vouement \u00e0 promouvoir des pratiques durables en agriculture conventionnelle est \u00e9vident \u00e0 travers le succ\u00e8s de Plants for Plants\u00ae, l&rsquo;expansion continue de GreenSwitch\u00ae Original, et les progr\u00e8s passionnants de GreenSwitch\u00ae Potassium. Ces r\u00e9alisations constituent des avanc\u00e9es tangibles pour soutenir les producteurs face aux d\u00e9fis de l&rsquo;agriculture.<\/p>\n<p>\u00c0 tous ceux impliqu\u00e9s dans notre \u00a0Transition Verte, la Famille Van Iperen International vous remercie et vous souhaite de joyeuses f\u00eates de fin d\u2019ann\u00e9e!<\/p>\n","protected":false},"excerpt":{"rendered":"<p>\u00c0 l&rsquo;approche des f\u00eates, nous sommes \u00e0 nouveau \u00e0 la jonction de la r\u00e9flexion et de l&rsquo;anticipation. L&rsquo;ann\u00e9e 2024 promet&#8230;<\/p>\n","protected":false},"author":16,"featured_media":10700,"comment_status":"closed","ping_status":"closed","sticky":false,"template":"","format":"standard","meta":{"_acf_changed":false,"_trash_the_other_posts":false,"_monsterinsights_skip_tracking":false,"_monsterinsights_sitenote_active":false,"_monsterinsights_sitenote_note":"","_monsterinsights_sitenote_category":0,"editor_notices":[],"footnotes":""},"class_list":["post-10697","post","type-post","status-publish","format-standard","has-post-thumbnail","hentry"],"acf":[],"yoast_head":"<!-- This site is optimized with the Yoast SEO Premium plugin v27.3 (Yoast SEO v27.3) - https:\/\/yoast.com\/product\/yoast-seo-premium-wordpress\/ -->\n<title>R\u00e9flexion sur 2023 : Une Ann\u00e9e Marqu\u00e9e par des Jalons dans notre Parcours vers la Transition Verte - Van Iperen France<\/title>\n<meta name=\"description\" content=\"Van Iperen revisite les moments forts de 2023 avec une vid\u00e9o. Jetez un \u0153il aux r\u00e9alisations les plus importantes de notre Green Switch Journey\" \/>\n<meta name=\"robots\" content=\"index, follow, max-snippet:-1, max-image-preview:large, max-video-preview:-1\" \/>\n<link rel=\"canonical\" href=\"https:\/\/www.vaniperen.com\/fr\/van-iperen-international-message-de-noel-2023\/\" \/>\n<meta property=\"og:locale\" content=\"fr_FR\" \/>\n<meta property=\"og:type\" content=\"article\" \/>\n<meta property=\"og:title\" content=\"R\u00e9flexion sur 2023 : Une Ann\u00e9e Marqu\u00e9e par des Jalons dans notre Parcours vers la Transition Verte\" \/>\n<meta property=\"og:description\" content=\"Van Iperen revisite les moments forts de 2023 avec une vid\u00e9o. Jetez un \u0153il aux r\u00e9alisations les plus importantes de notre Green Switch Journey\" \/>\n<meta property=\"og:url\" content=\"https:\/\/www.vaniperen.com\/fr\/van-iperen-international-message-de-noel-2023\/\" \/>\n<meta property=\"og:site_name\" content=\"Van Iperen France\" \/>\n<meta property=\"article:published_time\" content=\"2023-12-15T11:22:06+00:00\" \/>\n<meta property=\"article:modified_time\" content=\"2024-01-29T10:53:24+00:00\" \/>\n<meta property=\"og:image\" content=\"https:\/\/www.vaniperen.com\/fr\/wp-content\/uploads\/sites\/2\/2023\/12\/VII-FR-Christmas-message-2023.jpg?image-crop-positioner-ts=1702393110\" \/>\n\t<meta property=\"og:image:width\" content=\"2083\" \/>\n\t<meta property=\"og:image:height\" content=\"2083\" \/>\n\t<meta property=\"og:image:type\" content=\"image\/jpeg\" \/>\n<meta name=\"author\" content=\"Pedro Larios\" \/>\n<meta name=\"twitter:card\" content=\"summary_large_image\" \/>\n<meta name=\"twitter:label1\" content=\"\u00c9crit par\" \/>\n\t<meta name=\"twitter:data1\" content=\"Pedro Larios\" \/>\n\t<meta name=\"twitter:label2\" content=\"Dur\u00e9e de lecture estim\u00e9e\" \/>\n\t<meta name=\"twitter:data2\" content=\"3 minutes\" \/>\n<script type=\"application\/ld+json\" class=\"yoast-schema-graph\">{\"@context\":\"https:\\\/\\\/schema.org\",\"@graph\":[{\"@type\":\"Article\",\"@id\":\"https:\\\/\\\/www.vaniperen.com\\\/fr\\\/van-iperen-international-message-de-noel-2023\\\/#article\",\"isPartOf\":{\"@id\":\"https:\\\/\\\/www.vaniperen.com\\\/fr\\\/van-iperen-international-message-de-noel-2023\\\/\"},\"author\":{\"name\":\"Pedro Larios\",\"@id\":\"https:\\\/\\\/www.vaniperen.com\\\/fr\\\/#\\\/schema\\\/person\\\/90e2a22c89a46d7372af784d14cf67cb\"},\"headline\":\"R\u00e9flexion sur 2023 : Une Ann\u00e9e Marqu\u00e9e par des Jalons dans notre Parcours vers la Transition Verte\",\"datePublished\":\"2023-12-15T11:22:06+00:00\",\"dateModified\":\"2024-01-29T10:53:24+00:00\",\"mainEntityOfPage\":{\"@id\":\"https:\\\/\\\/www.vaniperen.com\\\/fr\\\/van-iperen-international-message-de-noel-2023\\\/\"},\"wordCount\":642,\"image\":{\"@id\":\"https:\\\/\\\/www.vaniperen.com\\\/fr\\\/van-iperen-international-message-de-noel-2023\\\/#primaryimage\"},\"thumbnailUrl\":\"https:\\\/\\\/www.vaniperen.com\\\/fr\\\/wp-content\\\/uploads\\\/sites\\\/2\\\/2023\\\/12\\\/VII-FR-Christmas-message-2023.jpg?image-crop-positioner-ts=1702393110\",\"inLanguage\":\"fr-FR\"},{\"@type\":\"WebPage\",\"@id\":\"https:\\\/\\\/www.vaniperen.com\\\/fr\\\/van-iperen-international-message-de-noel-2023\\\/\",\"url\":\"https:\\\/\\\/www.vaniperen.com\\\/fr\\\/van-iperen-international-message-de-noel-2023\\\/\",\"name\":\"R\u00e9flexion sur 2023 : Une Ann\u00e9e Marqu\u00e9e par des Jalons dans notre Parcours vers la Transition Verte - Van Iperen France\",\"isPartOf\":{\"@id\":\"https:\\\/\\\/www.vaniperen.com\\\/fr\\\/#website\"},\"primaryImageOfPage\":{\"@id\":\"https:\\\/\\\/www.vaniperen.com\\\/fr\\\/van-iperen-international-message-de-noel-2023\\\/#primaryimage\"},\"image\":{\"@id\":\"https:\\\/\\\/www.vaniperen.com\\\/fr\\\/van-iperen-international-message-de-noel-2023\\\/#primaryimage\"},\"thumbnailUrl\":\"https:\\\/\\\/www.vaniperen.com\\\/fr\\\/wp-content\\\/uploads\\\/sites\\\/2\\\/2023\\\/12\\\/VII-FR-Christmas-message-2023.jpg?image-crop-positioner-ts=1702393110\",\"datePublished\":\"2023-12-15T11:22:06+00:00\",\"dateModified\":\"2024-01-29T10:53:24+00:00\",\"author\":{\"@id\":\"https:\\\/\\\/www.vaniperen.com\\\/fr\\\/#\\\/schema\\\/person\\\/90e2a22c89a46d7372af784d14cf67cb\"},\"description\":\"Van Iperen revisite les moments forts de 2023 avec une vid\u00e9o. Jetez un \u0153il aux r\u00e9alisations les plus importantes de notre Green Switch Journey\",\"breadcrumb\":{\"@id\":\"https:\\\/\\\/www.vaniperen.com\\\/fr\\\/van-iperen-international-message-de-noel-2023\\\/#breadcrumb\"},\"inLanguage\":\"fr-FR\",\"potentialAction\":[{\"@type\":\"ReadAction\",\"target\":[\"https:\\\/\\\/www.vaniperen.com\\\/fr\\\/van-iperen-international-message-de-noel-2023\\\/\"]}]},{\"@type\":\"ImageObject\",\"inLanguage\":\"fr-FR\",\"@id\":\"https:\\\/\\\/www.vaniperen.com\\\/fr\\\/van-iperen-international-message-de-noel-2023\\\/#primaryimage\",\"url\":\"https:\\\/\\\/www.vaniperen.com\\\/fr\\\/wp-content\\\/uploads\\\/sites\\\/2\\\/2023\\\/12\\\/VII-FR-Christmas-message-2023.jpg?image-crop-positioner-ts=1702393110\",\"contentUrl\":\"https:\\\/\\\/www.vaniperen.com\\\/fr\\\/wp-content\\\/uploads\\\/sites\\\/2\\\/2023\\\/12\\\/VII-FR-Christmas-message-2023.jpg?image-crop-positioner-ts=1702393110\",\"width\":2083,\"height\":2083,\"caption\":\"Image de couverture Message de No\u00ebl de Van Iperen 2023\"},{\"@type\":\"BreadcrumbList\",\"@id\":\"https:\\\/\\\/www.vaniperen.com\\\/fr\\\/van-iperen-international-message-de-noel-2023\\\/#breadcrumb\",\"itemListElement\":[{\"@type\":\"ListItem\",\"position\":1,\"name\":\"Home\",\"item\":\"https:\\\/\\\/www.vaniperen.com\\\/fr\\\/\"},{\"@type\":\"ListItem\",\"position\":2,\"name\":\"R\u00e9flexion sur 2023 : Une Ann\u00e9e Marqu\u00e9e par des Jalons dans notre Parcours vers la Transition Verte\"}]},{\"@type\":\"WebSite\",\"@id\":\"https:\\\/\\\/www.vaniperen.com\\\/fr\\\/#website\",\"url\":\"https:\\\/\\\/www.vaniperen.com\\\/fr\\\/\",\"name\":\"Van Iperen France\",\"description\":\"Just another WordPress site\",\"potentialAction\":[{\"@type\":\"SearchAction\",\"target\":{\"@type\":\"EntryPoint\",\"urlTemplate\":\"https:\\\/\\\/www.vaniperen.com\\\/fr\\\/?s={search_term_string}\"},\"query-input\":{\"@type\":\"PropertyValueSpecification\",\"valueRequired\":true,\"valueName\":\"search_term_string\"}}],\"inLanguage\":\"fr-FR\"},{\"@type\":\"Person\",\"@id\":\"https:\\\/\\\/www.vaniperen.com\\\/fr\\\/#\\\/schema\\\/person\\\/90e2a22c89a46d7372af784d14cf67cb\",\"name\":\"Pedro Larios\",\"image\":{\"@type\":\"ImageObject\",\"inLanguage\":\"fr-FR\",\"@id\":\"https:\\\/\\\/secure.gravatar.com\\\/avatar\\\/3b35a5715f1da7715f2921bdf2f098947f963601167c455edcae8d7ff2ae84fd?s=96&d=mm&r=g\",\"url\":\"https:\\\/\\\/secure.gravatar.com\\\/avatar\\\/3b35a5715f1da7715f2921bdf2f098947f963601167c455edcae8d7ff2ae84fd?s=96&d=mm&r=g\",\"contentUrl\":\"https:\\\/\\\/secure.gravatar.com\\\/avatar\\\/3b35a5715f1da7715f2921bdf2f098947f963601167c455edcae8d7ff2ae84fd?s=96&d=mm&r=g\",\"caption\":\"Pedro Larios\"},\"url\":\"https:\\\/\\\/www.vaniperen.com\\\/fr\\\/author\\\/pedro\\\/\"}]}<\/script>\n<!-- \/ Yoast SEO Premium plugin. -->","yoast_head_json":{"title":"R\u00e9flexion sur 2023 : Une Ann\u00e9e Marqu\u00e9e par des Jalons dans notre Parcours vers la Transition Verte - Van Iperen France","description":"Van Iperen revisite les moments forts de 2023 avec une vid\u00e9o. Jetez un \u0153il aux r\u00e9alisations les plus importantes de notre Green Switch Journey","robots":{"index":"index","follow":"follow","max-snippet":"max-snippet:-1","max-image-preview":"max-image-preview:large","max-video-preview":"max-video-preview:-1"},"canonical":"https:\/\/www.vaniperen.com\/fr\/van-iperen-international-message-de-noel-2023\/","og_locale":"fr_FR","og_type":"article","og_title":"R\u00e9flexion sur 2023 : Une Ann\u00e9e Marqu\u00e9e par des Jalons dans notre Parcours vers la Transition Verte","og_description":"Van Iperen revisite les moments forts de 2023 avec une vid\u00e9o. Jetez un \u0153il aux r\u00e9alisations les plus importantes de notre Green Switch Journey","og_url":"https:\/\/www.vaniperen.com\/fr\/van-iperen-international-message-de-noel-2023\/","og_site_name":"Van Iperen France","article_published_time":"2023-12-15T11:22:06+00:00","article_modified_time":"2024-01-29T10:53:24+00:00","og_image":[{"width":2083,"height":2083,"url":"https:\/\/www.vaniperen.com\/fr\/wp-content\/uploads\/sites\/2\/2023\/12\/VII-FR-Christmas-message-2023.jpg?image-crop-positioner-ts=1702393110","type":"image\/jpeg"}],"author":"Pedro Larios","twitter_card":"summary_large_image","twitter_misc":{"\u00c9crit par":"Pedro Larios","Dur\u00e9e de lecture estim\u00e9e":"3 minutes"},"schema":{"@context":"https:\/\/schema.org","@graph":[{"@type":"Article","@id":"https:\/\/www.vaniperen.com\/fr\/van-iperen-international-message-de-noel-2023\/#article","isPartOf":{"@id":"https:\/\/www.vaniperen.com\/fr\/van-iperen-international-message-de-noel-2023\/"},"author":{"name":"Pedro Larios","@id":"https:\/\/www.vaniperen.com\/fr\/#\/schema\/person\/90e2a22c89a46d7372af784d14cf67cb"},"headline":"R\u00e9flexion sur 2023 : Une Ann\u00e9e Marqu\u00e9e par des Jalons dans notre Parcours vers la Transition Verte","datePublished":"2023-12-15T11:22:06+00:00","dateModified":"2024-01-29T10:53:24+00:00","mainEntityOfPage":{"@id":"https:\/\/www.vaniperen.com\/fr\/van-iperen-international-message-de-noel-2023\/"},"wordCount":642,"image":{"@id":"https:\/\/www.vaniperen.com\/fr\/van-iperen-international-message-de-noel-2023\/#primaryimage"},"thumbnailUrl":"https:\/\/www.vaniperen.com\/fr\/wp-content\/uploads\/sites\/2\/2023\/12\/VII-FR-Christmas-message-2023.jpg?image-crop-positioner-ts=1702393110","inLanguage":"fr-FR"},{"@type":"WebPage","@id":"https:\/\/www.vaniperen.com\/fr\/van-iperen-international-message-de-noel-2023\/","url":"https:\/\/www.vaniperen.com\/fr\/van-iperen-international-message-de-noel-2023\/","name":"R\u00e9flexion sur 2023 : Une Ann\u00e9e Marqu\u00e9e par des Jalons dans notre Parcours vers la Transition Verte - Van Iperen France","isPartOf":{"@id":"https:\/\/www.vaniperen.com\/fr\/#website"},"primaryImageOfPage":{"@id":"https:\/\/www.vaniperen.com\/fr\/van-iperen-international-message-de-noel-2023\/#primaryimage"},"image":{"@id":"https:\/\/www.vaniperen.com\/fr\/van-iperen-international-message-de-noel-2023\/#primaryimage"},"thumbnailUrl":"https:\/\/www.vaniperen.com\/fr\/wp-content\/uploads\/sites\/2\/2023\/12\/VII-FR-Christmas-message-2023.jpg?image-crop-positioner-ts=1702393110","datePublished":"2023-12-15T11:22:06+00:00","dateModified":"2024-01-29T10:53:24+00:00","author":{"@id":"https:\/\/www.vaniperen.com\/fr\/#\/schema\/person\/90e2a22c89a46d7372af784d14cf67cb"},"description":"Van Iperen revisite les moments forts de 2023 avec une vid\u00e9o. Jetez un \u0153il aux r\u00e9alisations les plus importantes de notre Green Switch Journey","breadcrumb":{"@id":"https:\/\/www.vaniperen.com\/fr\/van-iperen-international-message-de-noel-2023\/#breadcrumb"},"inLanguage":"fr-FR","potentialAction":[{"@type":"ReadAction","target":["https:\/\/www.vaniperen.com\/fr\/van-iperen-international-message-de-noel-2023\/"]}]},{"@type":"ImageObject","inLanguage":"fr-FR","@id":"https:\/\/www.vaniperen.com\/fr\/van-iperen-international-message-de-noel-2023\/#primaryimage","url":"https:\/\/www.vaniperen.com\/fr\/wp-content\/uploads\/sites\/2\/2023\/12\/VII-FR-Christmas-message-2023.jpg?image-crop-positioner-ts=1702393110","contentUrl":"https:\/\/www.vaniperen.com\/fr\/wp-content\/uploads\/sites\/2\/2023\/12\/VII-FR-Christmas-message-2023.jpg?image-crop-positioner-ts=1702393110","width":2083,"height":2083,"caption":"Image de couverture Message de No\u00ebl de Van Iperen 2023"},{"@type":"BreadcrumbList","@id":"https:\/\/www.vaniperen.com\/fr\/van-iperen-international-message-de-noel-2023\/#breadcrumb","itemListElement":[{"@type":"ListItem","position":1,"name":"Home","item":"https:\/\/www.vaniperen.com\/fr\/"},{"@type":"ListItem","position":2,"name":"R\u00e9flexion sur 2023 : Une Ann\u00e9e Marqu\u00e9e par des Jalons dans notre Parcours vers la Transition Verte"}]},{"@type":"WebSite","@id":"https:\/\/www.vaniperen.com\/fr\/#website","url":"https:\/\/www.vaniperen.com\/fr\/","name":"Van Iperen France","description":"Just another WordPress site","potentialAction":[{"@type":"SearchAction","target":{"@type":"EntryPoint","urlTemplate":"https:\/\/www.vaniperen.com\/fr\/?s={search_term_string}"},"query-input":{"@type":"PropertyValueSpecification","valueRequired":true,"valueName":"search_term_string"}}],"inLanguage":"fr-FR"},{"@type":"Person","@id":"https:\/\/www.vaniperen.com\/fr\/#\/schema\/person\/90e2a22c89a46d7372af784d14cf67cb","name":"Pedro Larios","image":{"@type":"ImageObject","inLanguage":"fr-FR","@id":"https:\/\/secure.gravatar.com\/avatar\/3b35a5715f1da7715f2921bdf2f098947f963601167c455edcae8d7ff2ae84fd?s=96&d=mm&r=g","url":"https:\/\/secure.gravatar.com\/avatar\/3b35a5715f1da7715f2921bdf2f098947f963601167c455edcae8d7ff2ae84fd?s=96&d=mm&r=g","contentUrl":"https:\/\/secure.gravatar.com\/avatar\/3b35a5715f1da7715f2921bdf2f098947f963601167c455edcae8d7ff2ae84fd?s=96&d=mm&r=g","caption":"Pedro Larios"},"url":"https:\/\/www.vaniperen.com\/fr\/author\/pedro\/"}]}},"_links":{"self":[{"href":"https:\/\/www.vaniperen.com\/fr\/wp-json\/wp\/v2\/posts\/10697","targetHints":{"allow":["GET"]}}],"collection":[{"href":"https:\/\/www.vaniperen.com\/fr\/wp-json\/wp\/v2\/posts"}],"about":[{"href":"https:\/\/www.vaniperen.com\/fr\/wp-json\/wp\/v2\/types\/post"}],"author":[{"embeddable":true,"href":"https:\/\/www.vaniperen.com\/fr\/wp-json\/wp\/v2\/users\/16"}],"replies":[{"embeddable":true,"href":"https:\/\/www.vaniperen.com\/fr\/wp-json\/wp\/v2\/comments?post=10697"}],"version-history":[{"count":7,"href":"https:\/\/www.vaniperen.com\/fr\/wp-json\/wp\/v2\/posts\/10697\/revisions"}],"predecessor-version":[{"id":10760,"href":"https:\/\/www.vaniperen.com\/fr\/wp-json\/wp\/v2\/posts\/10697\/revisions\/10760"}],"wp:featuredmedia":[{"embeddable":true,"href":"https:\/\/www.vaniperen.com\/fr\/wp-json\/wp\/v2\/media\/10700"}],"wp:attachment":[{"href":"https:\/\/www.vaniperen.com\/fr\/wp-json\/wp\/v2\/media?parent=10697"}],"curies":[{"name":"wp","href":"https:\/\/api.w.org\/{rel}","templated":true}]}}