{"id":10638,"date":"2023-11-28T08:15:02","date_gmt":"2023-11-28T07:15:02","guid":{"rendered":"https:\/\/www.vaniperen.com\/fr\/?p=10638"},"modified":"2023-11-28T08:15:02","modified_gmt":"2023-11-28T07:15:02","slug":"recyclage-des-emballages-van-iperen-le-logo-soveea-garantit-le-recyclage-des-emballages-vides-dengrais","status":"publish","type":"post","link":"https:\/\/www.vaniperen.com\/fr\/recyclage-des-emballages-van-iperen-le-logo-soveea-garantit-le-recyclage-des-emballages-vides-dengrais\/","title":{"rendered":"Recyclage des emballages Van Iperen : Le Logo SOVEEA garantit le recyclage des emballages vides d\u2019engrais"},"content":{"rendered":"<p>Van Iperen International a choisi de faire partie des \u00e9co-contributeurs de la Soci\u00e9t\u00e9 de Valorisation des Emballages des \u00e9co-actions des engrais et d\u2019Amendements SOVEEA. D\u00e9sormais le logo SOVEEA sera appos\u00e9 sur tous nos emballages vendus sur le march\u00e9 fran\u00e7ais et dans les territoires. Ce logo n&rsquo;est pas simplement un symbole, il signifie que nos sacs seront collect\u00e9s directement aupr\u00e8s des agriculteurs dans le cadre d&rsquo;une initiative de recyclage.<\/p>\n<p><img loading=\"lazy\" decoding=\"async\" class=\"aligncenter wp-image-10667\" src=\"https:\/\/www.vaniperen.com\/fr\/wp-content\/uploads\/sites\/2\/2023\/11\/VII-FR-Van-Iperen-Recycling-Packaging-with-SOVEEA-logo-1200px.jpg\" alt=\"Recyclage des emballages Van Iperen : Le Logo SOVEEA garantit la r\u00e9cup\u00e9ration et le recyclage des emballages vides d\u2019engrais.\" width=\"800\" height=\"348\" srcset=\"https:\/\/www.vaniperen.com\/fr\/wp-content\/uploads\/sites\/2\/2023\/11\/VII-FR-Van-Iperen-Recycling-Packaging-with-SOVEEA-logo-1200px.jpg?image-crop-positioner-ts=1701155120 1000w, https:\/\/www.vaniperen.com\/fr\/wp-content\/uploads\/sites\/2\/2023\/11\/VII-FR-Van-Iperen-Recycling-Packaging-with-SOVEEA-logo-1200px-768x334.jpg?image-crop-positioner-ts=1701155120 768w, https:\/\/www.vaniperen.com\/fr\/wp-content\/uploads\/sites\/2\/2023\/11\/VII-FR-Van-Iperen-Recycling-Packaging-with-SOVEEA-logo-1200px-320x139.jpg?image-crop-positioner-ts=1701155120 320w, https:\/\/www.vaniperen.com\/fr\/wp-content\/uploads\/sites\/2\/2023\/11\/VII-FR-Van-Iperen-Recycling-Packaging-with-SOVEEA-logo-1200px-100x44.jpg?image-crop-positioner-ts=1701155120 100w\" sizes=\"auto, (max-width: 800px) 100vw, 800px\" \/><\/p>\n<p>Van Iperen International est fi\u00e8rement r\u00e9pertori\u00e9 comme membre du <strong><a href=\"https:\/\/www.adivalor.fr\/\" target=\"_blank\" rel=\"noopener\">programme ADIVALOR<\/a><\/strong> ! D\u00e8s maintenant, tous nos emballages, y compris les sacs de toutes tailles, vendus sur le march\u00e9 fran\u00e7ais et dans les territoires tels que la Martinique, la Guadeloupe et l&rsquo;\u00eele de la R\u00e9union, arboreront le logo distinctif <strong><a href=\"https:\/\/soveea.fr\/eco-contributeurs.html\" target=\"_blank\" rel=\"noopener\">SOVEEA<\/a><\/strong>. Pourquoi cette nouvelle est-elle b\u00e9n\u00e9fique pour l&rsquo;agriculteur ?<\/p>\n<h3><strong><u>Du champ au bac de Recyclage : Notre Engagement envers un Emballage Durable dans l&rsquo;Agriculture<\/u><\/strong><\/h3>\n<p>Gr\u00e2ce \u00e0 cette initiative, tous nos emballages vides, marqu\u00e9s du logo SOVEEA, sont non seulement collect\u00e9s directement aupr\u00e8s des agriculteurs, mais \u00e9galement recycl\u00e9s de mani\u00e8re efficace.<\/p>\n<p>Ce faisant, nous soutenons activement une approche durable et circulaire de l&rsquo;agriculture. Nos sacs d&rsquo;engrais se transforment en emballages \u00e9cologiques gr\u00e2ce \u00e0 un processus de recyclage qui s&rsquo;aligne sur notre engagement \u00e0 r\u00e9utiliser les flux de sous-produits. Il s&rsquo;agit d&rsquo;une avanc\u00e9e significative dans notre <strong><a href=\"https:\/\/www.vaniperen.com\/fr\/histoire\/notre-green-switch-journey\/\" target=\"_blank\" rel=\"noopener\">Green Switch Journey<\/a><\/strong>, notre feuille de route de r\u00e9duction de l&#8217;empreinte.<\/p>\n<p>Chez Van Iperen International, nous croyons en la responsabilit\u00e9 collective. En adoptant <strong>le programme ADIVALOR<\/strong>, nous visons \u00e0 minimiser notre empreinte environnementale et \u00e0 contribuer activement \u00e0 rendre l&rsquo;agriculture conventionnelle plus durable.<\/p>\n","protected":false},"excerpt":{"rendered":"<p>Van Iperen International a choisi de faire partie des \u00e9co-contributeurs de la Soci\u00e9t\u00e9 de Valorisation des Emballages des \u00e9co-actions des&#8230;<\/p>\n","protected":false},"author":16,"featured_media":10666,"comment_status":"closed","ping_status":"closed","sticky":false,"template":"","format":"standard","meta":{"_acf_changed":false,"_trash_the_other_posts":false,"_monsterinsights_skip_tracking":false,"_monsterinsights_sitenote_active":false,"_monsterinsights_sitenote_note":"","_monsterinsights_sitenote_category":0,"editor_notices":[],"footnotes":""},"class_list":["post-10638","post","type-post","status-publish","format-standard","has-post-thumbnail","hentry"],"acf":[],"yoast_head":"<!-- This site is optimized with the Yoast SEO Premium plugin v27.3 (Yoast SEO v27.3) - https:\/\/yoast.com\/product\/yoast-seo-premium-wordpress\/ -->\n<title>Recyclage des emballages Van Iperen : Le Logo SOVEEA garantit le recyclage des emballages vides d\u2019engrais - Van Iperen France<\/title>\n<meta name=\"description\" content=\"Van Iperen introduit des emballages durables dans l&#039;agriculture : tous les emballages vides, marqu\u00e9s du logo SOVEEA, seront recycl\u00e9s efficacement\" \/>\n<meta name=\"robots\" content=\"index, follow, max-snippet:-1, max-image-preview:large, max-video-preview:-1\" \/>\n<link rel=\"canonical\" href=\"https:\/\/www.vaniperen.com\/fr\/recyclage-des-emballages-van-iperen-le-logo-soveea-garantit-le-recyclage-des-emballages-vides-dengrais\/\" \/>\n<meta property=\"og:locale\" content=\"fr_FR\" \/>\n<meta property=\"og:type\" content=\"article\" \/>\n<meta property=\"og:title\" content=\"Recyclage des emballages Van Iperen : Le Logo SOVEEA garantit le recyclage des emballages vides d\u2019engrais\" \/>\n<meta property=\"og:description\" content=\"Van Iperen introduit des emballages durables dans l&#039;agriculture : tous les emballages vides, marqu\u00e9s du logo SOVEEA, seront recycl\u00e9s efficacement\" \/>\n<meta property=\"og:url\" content=\"https:\/\/www.vaniperen.com\/fr\/recyclage-des-emballages-van-iperen-le-logo-soveea-garantit-le-recyclage-des-emballages-vides-dengrais\/\" \/>\n<meta property=\"og:site_name\" content=\"Van Iperen France\" \/>\n<meta property=\"article:published_time\" content=\"2023-11-28T07:15:02+00:00\" \/>\n<meta property=\"og:image\" content=\"https:\/\/www.vaniperen.com\/fr\/wp-content\/uploads\/sites\/2\/2023\/11\/VII-EN-Van-Iperen-Recycling-Packaging-with-SOVEEA-logo-400px.jpg?image-crop-positioner-ts=1701154663\" \/>\n\t<meta property=\"og:image:width\" content=\"2083\" \/>\n\t<meta property=\"og:image:height\" content=\"2083\" \/>\n\t<meta property=\"og:image:type\" content=\"image\/jpeg\" \/>\n<meta name=\"author\" content=\"Pedro Larios\" \/>\n<meta name=\"twitter:card\" content=\"summary_large_image\" \/>\n<meta name=\"twitter:label1\" content=\"\u00c9crit par\" \/>\n\t<meta name=\"twitter:data1\" content=\"Pedro Larios\" \/>\n\t<meta name=\"twitter:label2\" content=\"Dur\u00e9e de lecture estim\u00e9e\" \/>\n\t<meta name=\"twitter:data2\" content=\"2 minutes\" \/>\n<script type=\"application\/ld+json\" class=\"yoast-schema-graph\">{\"@context\":\"https:\\\/\\\/schema.org\",\"@graph\":[{\"@type\":\"Article\",\"@id\":\"https:\\\/\\\/www.vaniperen.com\\\/fr\\\/recyclage-des-emballages-van-iperen-le-logo-soveea-garantit-le-recyclage-des-emballages-vides-dengrais\\\/#article\",\"isPartOf\":{\"@id\":\"https:\\\/\\\/www.vaniperen.com\\\/fr\\\/recyclage-des-emballages-van-iperen-le-logo-soveea-garantit-le-recyclage-des-emballages-vides-dengrais\\\/\"},\"author\":{\"name\":\"Pedro Larios\",\"@id\":\"https:\\\/\\\/www.vaniperen.com\\\/fr\\\/#\\\/schema\\\/person\\\/90e2a22c89a46d7372af784d14cf67cb\"},\"headline\":\"Recyclage des emballages Van Iperen : Le Logo SOVEEA garantit le recyclage des emballages vides d\u2019engrais\",\"datePublished\":\"2023-11-28T07:15:02+00:00\",\"mainEntityOfPage\":{\"@id\":\"https:\\\/\\\/www.vaniperen.com\\\/fr\\\/recyclage-des-emballages-van-iperen-le-logo-soveea-garantit-le-recyclage-des-emballages-vides-dengrais\\\/\"},\"wordCount\":295,\"image\":{\"@id\":\"https:\\\/\\\/www.vaniperen.com\\\/fr\\\/recyclage-des-emballages-van-iperen-le-logo-soveea-garantit-le-recyclage-des-emballages-vides-dengrais\\\/#primaryimage\"},\"thumbnailUrl\":\"https:\\\/\\\/www.vaniperen.com\\\/fr\\\/wp-content\\\/uploads\\\/sites\\\/2\\\/2023\\\/11\\\/VII-EN-Van-Iperen-Recycling-Packaging-with-SOVEEA-logo-400px.jpg?image-crop-positioner-ts=1701154663\",\"inLanguage\":\"fr-FR\"},{\"@type\":\"WebPage\",\"@id\":\"https:\\\/\\\/www.vaniperen.com\\\/fr\\\/recyclage-des-emballages-van-iperen-le-logo-soveea-garantit-le-recyclage-des-emballages-vides-dengrais\\\/\",\"url\":\"https:\\\/\\\/www.vaniperen.com\\\/fr\\\/recyclage-des-emballages-van-iperen-le-logo-soveea-garantit-le-recyclage-des-emballages-vides-dengrais\\\/\",\"name\":\"Recyclage des emballages Van Iperen : Le Logo SOVEEA garantit le recyclage des emballages vides d\u2019engrais - Van Iperen France\",\"isPartOf\":{\"@id\":\"https:\\\/\\\/www.vaniperen.com\\\/fr\\\/#website\"},\"primaryImageOfPage\":{\"@id\":\"https:\\\/\\\/www.vaniperen.com\\\/fr\\\/recyclage-des-emballages-van-iperen-le-logo-soveea-garantit-le-recyclage-des-emballages-vides-dengrais\\\/#primaryimage\"},\"image\":{\"@id\":\"https:\\\/\\\/www.vaniperen.com\\\/fr\\\/recyclage-des-emballages-van-iperen-le-logo-soveea-garantit-le-recyclage-des-emballages-vides-dengrais\\\/#primaryimage\"},\"thumbnailUrl\":\"https:\\\/\\\/www.vaniperen.com\\\/fr\\\/wp-content\\\/uploads\\\/sites\\\/2\\\/2023\\\/11\\\/VII-EN-Van-Iperen-Recycling-Packaging-with-SOVEEA-logo-400px.jpg?image-crop-positioner-ts=1701154663\",\"datePublished\":\"2023-11-28T07:15:02+00:00\",\"author\":{\"@id\":\"https:\\\/\\\/www.vaniperen.com\\\/fr\\\/#\\\/schema\\\/person\\\/90e2a22c89a46d7372af784d14cf67cb\"},\"description\":\"Van Iperen introduit des emballages durables dans l'agriculture : tous les emballages vides, marqu\u00e9s du logo SOVEEA, seront recycl\u00e9s efficacement\",\"breadcrumb\":{\"@id\":\"https:\\\/\\\/www.vaniperen.com\\\/fr\\\/recyclage-des-emballages-van-iperen-le-logo-soveea-garantit-le-recyclage-des-emballages-vides-dengrais\\\/#breadcrumb\"},\"inLanguage\":\"fr-FR\",\"potentialAction\":[{\"@type\":\"ReadAction\",\"target\":[\"https:\\\/\\\/www.vaniperen.com\\\/fr\\\/recyclage-des-emballages-van-iperen-le-logo-soveea-garantit-le-recyclage-des-emballages-vides-dengrais\\\/\"]}]},{\"@type\":\"ImageObject\",\"inLanguage\":\"fr-FR\",\"@id\":\"https:\\\/\\\/www.vaniperen.com\\\/fr\\\/recyclage-des-emballages-van-iperen-le-logo-soveea-garantit-le-recyclage-des-emballages-vides-dengrais\\\/#primaryimage\",\"url\":\"https:\\\/\\\/www.vaniperen.com\\\/fr\\\/wp-content\\\/uploads\\\/sites\\\/2\\\/2023\\\/11\\\/VII-EN-Van-Iperen-Recycling-Packaging-with-SOVEEA-logo-400px.jpg?image-crop-positioner-ts=1701154663\",\"contentUrl\":\"https:\\\/\\\/www.vaniperen.com\\\/fr\\\/wp-content\\\/uploads\\\/sites\\\/2\\\/2023\\\/11\\\/VII-EN-Van-Iperen-Recycling-Packaging-with-SOVEEA-logo-400px.jpg?image-crop-positioner-ts=1701154663\",\"width\":2083,\"height\":2083,\"caption\":\"Image mise en avant 'Recyclage des emballages Van Iperen : Le Logo SOVEEA garantit la r\u00e9cup\u00e9ration et le recyclage des emballages vides d\u2019engrais'\"},{\"@type\":\"BreadcrumbList\",\"@id\":\"https:\\\/\\\/www.vaniperen.com\\\/fr\\\/recyclage-des-emballages-van-iperen-le-logo-soveea-garantit-le-recyclage-des-emballages-vides-dengrais\\\/#breadcrumb\",\"itemListElement\":[{\"@type\":\"ListItem\",\"position\":1,\"name\":\"Home\",\"item\":\"https:\\\/\\\/www.vaniperen.com\\\/fr\\\/\"},{\"@type\":\"ListItem\",\"position\":2,\"name\":\"Recyclage des emballages Van Iperen : Le Logo SOVEEA garantit le recyclage des emballages vides d\u2019engrais\"}]},{\"@type\":\"WebSite\",\"@id\":\"https:\\\/\\\/www.vaniperen.com\\\/fr\\\/#website\",\"url\":\"https:\\\/\\\/www.vaniperen.com\\\/fr\\\/\",\"name\":\"Van Iperen France\",\"description\":\"Just another WordPress site\",\"potentialAction\":[{\"@type\":\"SearchAction\",\"target\":{\"@type\":\"EntryPoint\",\"urlTemplate\":\"https:\\\/\\\/www.vaniperen.com\\\/fr\\\/?s={search_term_string}\"},\"query-input\":{\"@type\":\"PropertyValueSpecification\",\"valueRequired\":true,\"valueName\":\"search_term_string\"}}],\"inLanguage\":\"fr-FR\"},{\"@type\":\"Person\",\"@id\":\"https:\\\/\\\/www.vaniperen.com\\\/fr\\\/#\\\/schema\\\/person\\\/90e2a22c89a46d7372af784d14cf67cb\",\"name\":\"Pedro Larios\",\"image\":{\"@type\":\"ImageObject\",\"inLanguage\":\"fr-FR\",\"@id\":\"https:\\\/\\\/secure.gravatar.com\\\/avatar\\\/3b35a5715f1da7715f2921bdf2f098947f963601167c455edcae8d7ff2ae84fd?s=96&d=mm&r=g\",\"url\":\"https:\\\/\\\/secure.gravatar.com\\\/avatar\\\/3b35a5715f1da7715f2921bdf2f098947f963601167c455edcae8d7ff2ae84fd?s=96&d=mm&r=g\",\"contentUrl\":\"https:\\\/\\\/secure.gravatar.com\\\/avatar\\\/3b35a5715f1da7715f2921bdf2f098947f963601167c455edcae8d7ff2ae84fd?s=96&d=mm&r=g\",\"caption\":\"Pedro Larios\"},\"url\":\"https:\\\/\\\/www.vaniperen.com\\\/fr\\\/author\\\/pedro\\\/\"}]}<\/script>\n<!-- \/ Yoast SEO Premium plugin. -->","yoast_head_json":{"title":"Recyclage des emballages Van Iperen : Le Logo SOVEEA garantit le recyclage des emballages vides d\u2019engrais - Van Iperen France","description":"Van Iperen introduit des emballages durables dans l'agriculture : tous les emballages vides, marqu\u00e9s du logo SOVEEA, seront recycl\u00e9s efficacement","robots":{"index":"index","follow":"follow","max-snippet":"max-snippet:-1","max-image-preview":"max-image-preview:large","max-video-preview":"max-video-preview:-1"},"canonical":"https:\/\/www.vaniperen.com\/fr\/recyclage-des-emballages-van-iperen-le-logo-soveea-garantit-le-recyclage-des-emballages-vides-dengrais\/","og_locale":"fr_FR","og_type":"article","og_title":"Recyclage des emballages Van Iperen : Le Logo SOVEEA garantit le recyclage des emballages vides d\u2019engrais","og_description":"Van Iperen introduit des emballages durables dans l'agriculture : tous les emballages vides, marqu\u00e9s du logo SOVEEA, seront recycl\u00e9s efficacement","og_url":"https:\/\/www.vaniperen.com\/fr\/recyclage-des-emballages-van-iperen-le-logo-soveea-garantit-le-recyclage-des-emballages-vides-dengrais\/","og_site_name":"Van Iperen France","article_published_time":"2023-11-28T07:15:02+00:00","og_image":[{"width":2083,"height":2083,"url":"https:\/\/www.vaniperen.com\/fr\/wp-content\/uploads\/sites\/2\/2023\/11\/VII-EN-Van-Iperen-Recycling-Packaging-with-SOVEEA-logo-400px.jpg?image-crop-positioner-ts=1701154663","type":"image\/jpeg"}],"author":"Pedro Larios","twitter_card":"summary_large_image","twitter_misc":{"\u00c9crit par":"Pedro Larios","Dur\u00e9e de lecture estim\u00e9e":"2 minutes"},"schema":{"@context":"https:\/\/schema.org","@graph":[{"@type":"Article","@id":"https:\/\/www.vaniperen.com\/fr\/recyclage-des-emballages-van-iperen-le-logo-soveea-garantit-le-recyclage-des-emballages-vides-dengrais\/#article","isPartOf":{"@id":"https:\/\/www.vaniperen.com\/fr\/recyclage-des-emballages-van-iperen-le-logo-soveea-garantit-le-recyclage-des-emballages-vides-dengrais\/"},"author":{"name":"Pedro Larios","@id":"https:\/\/www.vaniperen.com\/fr\/#\/schema\/person\/90e2a22c89a46d7372af784d14cf67cb"},"headline":"Recyclage des emballages Van Iperen : Le Logo SOVEEA garantit le recyclage des emballages vides d\u2019engrais","datePublished":"2023-11-28T07:15:02+00:00","mainEntityOfPage":{"@id":"https:\/\/www.vaniperen.com\/fr\/recyclage-des-emballages-van-iperen-le-logo-soveea-garantit-le-recyclage-des-emballages-vides-dengrais\/"},"wordCount":295,"image":{"@id":"https:\/\/www.vaniperen.com\/fr\/recyclage-des-emballages-van-iperen-le-logo-soveea-garantit-le-recyclage-des-emballages-vides-dengrais\/#primaryimage"},"thumbnailUrl":"https:\/\/www.vaniperen.com\/fr\/wp-content\/uploads\/sites\/2\/2023\/11\/VII-EN-Van-Iperen-Recycling-Packaging-with-SOVEEA-logo-400px.jpg?image-crop-positioner-ts=1701154663","inLanguage":"fr-FR"},{"@type":"WebPage","@id":"https:\/\/www.vaniperen.com\/fr\/recyclage-des-emballages-van-iperen-le-logo-soveea-garantit-le-recyclage-des-emballages-vides-dengrais\/","url":"https:\/\/www.vaniperen.com\/fr\/recyclage-des-emballages-van-iperen-le-logo-soveea-garantit-le-recyclage-des-emballages-vides-dengrais\/","name":"Recyclage des emballages Van Iperen : Le Logo SOVEEA garantit le recyclage des emballages vides d\u2019engrais - Van Iperen France","isPartOf":{"@id":"https:\/\/www.vaniperen.com\/fr\/#website"},"primaryImageOfPage":{"@id":"https:\/\/www.vaniperen.com\/fr\/recyclage-des-emballages-van-iperen-le-logo-soveea-garantit-le-recyclage-des-emballages-vides-dengrais\/#primaryimage"},"image":{"@id":"https:\/\/www.vaniperen.com\/fr\/recyclage-des-emballages-van-iperen-le-logo-soveea-garantit-le-recyclage-des-emballages-vides-dengrais\/#primaryimage"},"thumbnailUrl":"https:\/\/www.vaniperen.com\/fr\/wp-content\/uploads\/sites\/2\/2023\/11\/VII-EN-Van-Iperen-Recycling-Packaging-with-SOVEEA-logo-400px.jpg?image-crop-positioner-ts=1701154663","datePublished":"2023-11-28T07:15:02+00:00","author":{"@id":"https:\/\/www.vaniperen.com\/fr\/#\/schema\/person\/90e2a22c89a46d7372af784d14cf67cb"},"description":"Van Iperen introduit des emballages durables dans l'agriculture : tous les emballages vides, marqu\u00e9s du logo SOVEEA, seront recycl\u00e9s efficacement","breadcrumb":{"@id":"https:\/\/www.vaniperen.com\/fr\/recyclage-des-emballages-van-iperen-le-logo-soveea-garantit-le-recyclage-des-emballages-vides-dengrais\/#breadcrumb"},"inLanguage":"fr-FR","potentialAction":[{"@type":"ReadAction","target":["https:\/\/www.vaniperen.com\/fr\/recyclage-des-emballages-van-iperen-le-logo-soveea-garantit-le-recyclage-des-emballages-vides-dengrais\/"]}]},{"@type":"ImageObject","inLanguage":"fr-FR","@id":"https:\/\/www.vaniperen.com\/fr\/recyclage-des-emballages-van-iperen-le-logo-soveea-garantit-le-recyclage-des-emballages-vides-dengrais\/#primaryimage","url":"https:\/\/www.vaniperen.com\/fr\/wp-content\/uploads\/sites\/2\/2023\/11\/VII-EN-Van-Iperen-Recycling-Packaging-with-SOVEEA-logo-400px.jpg?image-crop-positioner-ts=1701154663","contentUrl":"https:\/\/www.vaniperen.com\/fr\/wp-content\/uploads\/sites\/2\/2023\/11\/VII-EN-Van-Iperen-Recycling-Packaging-with-SOVEEA-logo-400px.jpg?image-crop-positioner-ts=1701154663","width":2083,"height":2083,"caption":"Image mise en avant 'Recyclage des emballages Van Iperen : Le Logo SOVEEA garantit la r\u00e9cup\u00e9ration et le recyclage des emballages vides d\u2019engrais'"},{"@type":"BreadcrumbList","@id":"https:\/\/www.vaniperen.com\/fr\/recyclage-des-emballages-van-iperen-le-logo-soveea-garantit-le-recyclage-des-emballages-vides-dengrais\/#breadcrumb","itemListElement":[{"@type":"ListItem","position":1,"name":"Home","item":"https:\/\/www.vaniperen.com\/fr\/"},{"@type":"ListItem","position":2,"name":"Recyclage des emballages Van Iperen : Le Logo SOVEEA garantit le recyclage des emballages vides d\u2019engrais"}]},{"@type":"WebSite","@id":"https:\/\/www.vaniperen.com\/fr\/#website","url":"https:\/\/www.vaniperen.com\/fr\/","name":"Van Iperen France","description":"Just another WordPress site","potentialAction":[{"@type":"SearchAction","target":{"@type":"EntryPoint","urlTemplate":"https:\/\/www.vaniperen.com\/fr\/?s={search_term_string}"},"query-input":{"@type":"PropertyValueSpecification","valueRequired":true,"valueName":"search_term_string"}}],"inLanguage":"fr-FR"},{"@type":"Person","@id":"https:\/\/www.vaniperen.com\/fr\/#\/schema\/person\/90e2a22c89a46d7372af784d14cf67cb","name":"Pedro Larios","image":{"@type":"ImageObject","inLanguage":"fr-FR","@id":"https:\/\/secure.gravatar.com\/avatar\/3b35a5715f1da7715f2921bdf2f098947f963601167c455edcae8d7ff2ae84fd?s=96&d=mm&r=g","url":"https:\/\/secure.gravatar.com\/avatar\/3b35a5715f1da7715f2921bdf2f098947f963601167c455edcae8d7ff2ae84fd?s=96&d=mm&r=g","contentUrl":"https:\/\/secure.gravatar.com\/avatar\/3b35a5715f1da7715f2921bdf2f098947f963601167c455edcae8d7ff2ae84fd?s=96&d=mm&r=g","caption":"Pedro Larios"},"url":"https:\/\/www.vaniperen.com\/fr\/author\/pedro\/"}]}},"_links":{"self":[{"href":"https:\/\/www.vaniperen.com\/fr\/wp-json\/wp\/v2\/posts\/10638","targetHints":{"allow":["GET"]}}],"collection":[{"href":"https:\/\/www.vaniperen.com\/fr\/wp-json\/wp\/v2\/posts"}],"about":[{"href":"https:\/\/www.vaniperen.com\/fr\/wp-json\/wp\/v2\/types\/post"}],"author":[{"embeddable":true,"href":"https:\/\/www.vaniperen.com\/fr\/wp-json\/wp\/v2\/users\/16"}],"replies":[{"embeddable":true,"href":"https:\/\/www.vaniperen.com\/fr\/wp-json\/wp\/v2\/comments?post=10638"}],"version-history":[{"count":2,"href":"https:\/\/www.vaniperen.com\/fr\/wp-json\/wp\/v2\/posts\/10638\/revisions"}],"predecessor-version":[{"id":10671,"href":"https:\/\/www.vaniperen.com\/fr\/wp-json\/wp\/v2\/posts\/10638\/revisions\/10671"}],"wp:featuredmedia":[{"embeddable":true,"href":"https:\/\/www.vaniperen.com\/fr\/wp-json\/wp\/v2\/media\/10666"}],"wp:attachment":[{"href":"https:\/\/www.vaniperen.com\/fr\/wp-json\/wp\/v2\/media?parent=10638"}],"curies":[{"name":"wp","href":"https:\/\/api.w.org\/{rel}","templated":true}]}}