{"id":10230,"date":"2023-06-08T11:24:45","date_gmt":"2023-06-08T09:24:45","guid":{"rendered":"https:\/\/www.vaniperen.com\/fr\/?p=10230"},"modified":"2023-07-19T13:41:12","modified_gmt":"2023-07-19T11:41:12","slug":"plants-for-plants-remporte-le-eu-life-award-2023-dans-la-categorie-environnement","status":"publish","type":"post","link":"https:\/\/www.vaniperen.com\/fr\/plants-for-plants-remporte-le-eu-life-award-2023-dans-la-categorie-environnement\/","title":{"rendered":"Plants for Plants\u00ae remporte le EU LIFE Award 2023 dans la cat\u00e9gorie Environnement"},"content":{"rendered":"<p>Van Iperen International et LandLab sont fiers d&rsquo;annoncer que leur projet commun, <a href=\"https:\/\/cinea.ec.europa.eu\/news-events\/news\/life-awards-2023-winners-highlight-environment-2023-06-21_en\" target=\"_blank\" rel=\"noopener\"><strong>Plants for Plants\u00ae, a re\u00e7u le prestigieux EU LIFE Award 2023 dans la cat\u00e9gorie Environnement<\/strong><\/a>.<\/p>\n<p><img loading=\"lazy\" decoding=\"async\" class=\"aligncenter wp-image-10241\" src=\"https:\/\/www.vaniperen.com\/fr\/wp-content\/uploads\/sites\/2\/2023\/06\/Marc-Van-Oers-et-Adriano-Altissimo-recoivent-le-LIFE-Award-2023-dans-la-categorie-Environnement-pour-Plants-for-Plants-1024x575.png\" alt=\"\" width=\"800\" height=\"449\" srcset=\"https:\/\/www.vaniperen.com\/fr\/wp-content\/uploads\/sites\/2\/2023\/06\/Marc-Van-Oers-et-Adriano-Altissimo-recoivent-le-LIFE-Award-2023-dans-la-categorie-Environnement-pour-Plants-for-Plants-1024x575.png?image-crop-positioner-ts=1686225403 1024w, https:\/\/www.vaniperen.com\/fr\/wp-content\/uploads\/sites\/2\/2023\/06\/Marc-Van-Oers-et-Adriano-Altissimo-recoivent-le-LIFE-Award-2023-dans-la-categorie-Environnement-pour-Plants-for-Plants-768x431.png?image-crop-positioner-ts=1686225403 768w, https:\/\/www.vaniperen.com\/fr\/wp-content\/uploads\/sites\/2\/2023\/06\/Marc-Van-Oers-et-Adriano-Altissimo-recoivent-le-LIFE-Award-2023-dans-la-categorie-Environnement-pour-Plants-for-Plants-320x180.png?image-crop-positioner-ts=1686225403 320w, https:\/\/www.vaniperen.com\/fr\/wp-content\/uploads\/sites\/2\/2023\/06\/Marc-Van-Oers-et-Adriano-Altissimo-recoivent-le-LIFE-Award-2023-dans-la-categorie-Environnement-pour-Plants-for-Plants-100x56.png?image-crop-positioner-ts=1686225403 100w, https:\/\/www.vaniperen.com\/fr\/wp-content\/uploads\/sites\/2\/2023\/06\/Marc-Van-Oers-et-Adriano-Altissimo-recoivent-le-LIFE-Award-2023-dans-la-categorie-Environnement-pour-Plants-for-Plants.png?image-crop-positioner-ts=1686225403 1110w\" sizes=\"auto, (max-width: 800px) 100vw, 800px\" \/><\/p>\n<p>Cette r\u00e9alisation remarquable reconna\u00eet la contribution significative de Plants for Plants\u00ae \u00e0 rendre l&rsquo;agriculture conventionnelle plus durable. L&rsquo;annonce du gagnant, faite par un jury d&rsquo;experts, a eu lieu lors d&rsquo;une c\u00e9r\u00e9monie pendant la <strong><a href=\"https:\/\/www.eugreenweek.eu\/\">EU Green Week<\/a><\/strong> &#8211; le plus grand \u00e9v\u00e9nement environnemental d&rsquo;Europe &#8211; <strong><a href=\"https:\/\/webcast.ec.europa.eu\/eu-green-week-2023-06-06\" target=\"_blank\" rel=\"noopener\">\u00e0 Bruxelles \u00e0 la Commission Europ\u00e9enne le 6 juin.<\/a><\/strong><\/p>\n<p>L&rsquo;obtention du <strong>EU LIFE Award 2023<\/strong> t\u00e9moigne du travail acharn\u00e9 et de la collaboration fructueuse entre les \u00e9quipes de Van Iperen International et de <strong><a href=\"https:\/\/landlab.net\/\" target=\"_blank\" rel=\"noopener\">LandLab<\/a><\/strong> , ainsi que du changement positif que nous nous effor\u00e7ons d&rsquo;apporter au secteur agricole. \u00ab\u00a0Nous sommes extr\u00eamement honor\u00e9s de recevoir le prix EU LIFE 2023 dans la cat\u00e9gorie Environnement\u00a0\u00bb, a d\u00e9clar\u00e9 <strong>Erik van den Bergh<\/strong>, directeur g\u00e9n\u00e9ral de Van Iperen International. \u00ab\u00a0<strong>Plants for Plants\u00ae repr\u00e9sente notre engagement en faveur d&rsquo;une agriculture durable. <\/strong>L&rsquo;UE a reconnu le potentiel de Plants for Plants\u00ae pour am\u00e9liorer la qualit\u00e9 et le rendement, m\u00eame face \u00e0 des p\u00e9riodes de stress comme la s\u00e9cheresse qui sont si courantes de nos jours en Europe\u00a0\u00bb.<\/p>\n<p><img loading=\"lazy\" decoding=\"async\" class=\"aligncenter wp-image-10239\" src=\"https:\/\/www.vaniperen.com\/fr\/wp-content\/uploads\/sites\/2\/2023\/06\/Marc-Van-Oers-Van-Iperen-et-Adriano-Altissimo-LandLab-lors-de-la-ceremonie-des-LIFE-Awards-2023-1024x575.png\" alt=\"\" width=\"800\" height=\"449\" srcset=\"https:\/\/www.vaniperen.com\/fr\/wp-content\/uploads\/sites\/2\/2023\/06\/Marc-Van-Oers-Van-Iperen-et-Adriano-Altissimo-LandLab-lors-de-la-ceremonie-des-LIFE-Awards-2023-1024x575.png?image-crop-positioner-ts=1686225353 1024w, https:\/\/www.vaniperen.com\/fr\/wp-content\/uploads\/sites\/2\/2023\/06\/Marc-Van-Oers-Van-Iperen-et-Adriano-Altissimo-LandLab-lors-de-la-ceremonie-des-LIFE-Awards-2023-768x431.png?image-crop-positioner-ts=1686225353 768w, https:\/\/www.vaniperen.com\/fr\/wp-content\/uploads\/sites\/2\/2023\/06\/Marc-Van-Oers-Van-Iperen-et-Adriano-Altissimo-LandLab-lors-de-la-ceremonie-des-LIFE-Awards-2023-320x180.png?image-crop-positioner-ts=1686225353 320w, https:\/\/www.vaniperen.com\/fr\/wp-content\/uploads\/sites\/2\/2023\/06\/Marc-Van-Oers-Van-Iperen-et-Adriano-Altissimo-LandLab-lors-de-la-ceremonie-des-LIFE-Awards-2023-100x56.png?image-crop-positioner-ts=1686225353 100w, https:\/\/www.vaniperen.com\/fr\/wp-content\/uploads\/sites\/2\/2023\/06\/Marc-Van-Oers-Van-Iperen-et-Adriano-Altissimo-LandLab-lors-de-la-ceremonie-des-LIFE-Awards-2023.png?image-crop-positioner-ts=1686225353 1110w\" sizes=\"auto, (max-width: 800px) 100vw, 800px\" \/><\/p>\n<p>Van Iperen International et LandLab expriment leur gratitude au <a href=\"https:\/\/cinea.ec.europa.eu\/news-events\/events\/life-awards-2023-2023-06-06-0_en\" target=\"_blank\" rel=\"noopener\"><strong>comit\u00e9 EU LIFE Award 2023<\/strong><\/a> pour avoir reconnu les contributions significatives de Plants for Plants\u00ae \u00e0 l&rsquo;agriculture durable et \u00e0 la pr\u00e9servation de l&rsquo;environnement. En outre, nous adressons nos sinc\u00e8res remerciements aux autres b\u00e9n\u00e9ficiaires du projet LIFE, \u00e0 savoir <strong><a href=\"https:\/\/www.unipd.it\/en\/\" target=\"_blank\" rel=\"noopener\">l&rsquo;Universit\u00e9 de Padoue<\/a><\/strong>, <strong><a href=\"https:\/\/www.euroliquids.com\/\" target=\"_blank\" rel=\"noopener\">Euroliquids<\/a> <\/strong>et l&rsquo;<strong><a href=\"https:\/\/www.hutton.ac.uk\/\">Institut James Hutton<\/a><\/strong>, pour leur pr\u00e9cieuse collaboration et leur soutien. Cette r\u00e9alisation collective alimente davantage notre engagement \u00e0 d\u00e9velopper des solutions de pointe qui entra\u00eenent des changements positifs dans le secteur agricole.<\/p>\n<p><img loading=\"lazy\" decoding=\"async\" class=\"aligncenter wp-image-10238\" src=\"https:\/\/www.vaniperen.com\/fr\/wp-content\/uploads\/sites\/2\/2023\/06\/Adriano-Altissimo-LandLab-Marc-Van-Oers-et-Marine-Lair-Van-Iperen-avec-les-autres-laureats-des-LIFE-Awards-2023-1024x683.jpg\" alt=\"\" width=\"800\" height=\"533\" srcset=\"https:\/\/www.vaniperen.com\/fr\/wp-content\/uploads\/sites\/2\/2023\/06\/Adriano-Altissimo-LandLab-Marc-Van-Oers-et-Marine-Lair-Van-Iperen-avec-les-autres-laureats-des-LIFE-Awards-2023-1024x683.jpg?image-crop-positioner-ts=1686225329 1024w, https:\/\/www.vaniperen.com\/fr\/wp-content\/uploads\/sites\/2\/2023\/06\/Adriano-Altissimo-LandLab-Marc-Van-Oers-et-Marine-Lair-Van-Iperen-avec-les-autres-laureats-des-LIFE-Awards-2023-1440x960.jpg?image-crop-positioner-ts=1686225329 1440w, https:\/\/www.vaniperen.com\/fr\/wp-content\/uploads\/sites\/2\/2023\/06\/Adriano-Altissimo-LandLab-Marc-Van-Oers-et-Marine-Lair-Van-Iperen-avec-les-autres-laureats-des-LIFE-Awards-2023-768x512.jpg?image-crop-positioner-ts=1686225329 768w, https:\/\/www.vaniperen.com\/fr\/wp-content\/uploads\/sites\/2\/2023\/06\/Adriano-Altissimo-LandLab-Marc-Van-Oers-et-Marine-Lair-Van-Iperen-avec-les-autres-laureats-des-LIFE-Awards-2023-1536x1024.jpg?image-crop-positioner-ts=1686225329 1536w, https:\/\/www.vaniperen.com\/fr\/wp-content\/uploads\/sites\/2\/2023\/06\/Adriano-Altissimo-LandLab-Marc-Van-Oers-et-Marine-Lair-Van-Iperen-avec-les-autres-laureats-des-LIFE-Awards-2023-2048x1366.jpg?image-crop-positioner-ts=1686225329 2048w, https:\/\/www.vaniperen.com\/fr\/wp-content\/uploads\/sites\/2\/2023\/06\/Adriano-Altissimo-LandLab-Marc-Van-Oers-et-Marine-Lair-Van-Iperen-avec-les-autres-laureats-des-LIFE-Awards-2023-1920x1280.jpg?image-crop-positioner-ts=1686225329 1920w, https:\/\/www.vaniperen.com\/fr\/wp-content\/uploads\/sites\/2\/2023\/06\/Adriano-Altissimo-LandLab-Marc-Van-Oers-et-Marine-Lair-Van-Iperen-avec-les-autres-laureats-des-LIFE-Awards-2023-320x213.jpg?image-crop-positioner-ts=1686225329 320w, https:\/\/www.vaniperen.com\/fr\/wp-content\/uploads\/sites\/2\/2023\/06\/Adriano-Altissimo-LandLab-Marc-Van-Oers-et-Marine-Lair-Van-Iperen-avec-les-autres-laureats-des-LIFE-Awards-2023-100x67.jpg?image-crop-positioner-ts=1686225329 100w\" sizes=\"auto, (max-width: 800px) 100vw, 800px\" \/><\/p>\n<p>Nous tenons \u00e9galement \u00e0 exprimer notre sinc\u00e8re gratitude <a href=\"https:\/\/www.vaniperen.com\/fr\/projet-plants-for-plants\/resultats-des-essais-plants-for-plants\/\" target=\"_blank\" rel=\"noopener\"><strong>aux plus de 80 producteurs de toute l&rsquo;Europe qui ont particip\u00e9 aux essais de d\u00e9monstration<\/strong><\/a>. Leur collaboration et leur d\u00e9vouement ont contribu\u00e9 \u00e0 fa\u00e7onner le succ\u00e8s et l&rsquo;impact de nos solutions biostimulantes \u00e0 base de plantes. Ensemble, nous avons d\u00e9montr\u00e9 la puissance de l&rsquo;innovation et de la collaboration pour faire le green switch\u00a0!<\/p>\n<h3><span style=\"text-decoration: underline;\"><strong>Une nouvelle gamme de biostimulants \u00e0 base de v\u00e9g\u00e9taux pour tous les agriculteurs<\/strong><\/span><\/h3>\n<p><a href=\"https:\/\/www.vaniperen.com\/fr\/projet-plants-for-plants\/\" target=\"_blank\" rel=\"noopener\"><strong>Plants for Plants\u00ae<\/strong><\/a> est une nouvelle g\u00e9n\u00e9ration de<strong> biostimulants \u00e0 base de plantes<\/strong> qui fait l&rsquo;objet d&rsquo;un contr\u00f4le minutieux \u00e0 chaque \u00e9tape, de l&rsquo;approvisionnement au produit final. Avec un engagement envers les principes biologiques, il offre une solution 100% naturelle qui est <strong>sans danger pour les utilisateurs, les consommateurs et l&rsquo;environnement<\/strong>. Suivant un processus rigoureux de qualit\u00e9 alimentaire, Plants for Plants\u00ae assure une qualit\u00e9 et une <strong>durabilit\u00e9 optimales<\/strong> dans les pratiques agricoles.<\/p>\n<p><img loading=\"lazy\" decoding=\"async\" class=\"aligncenter wp-image-10242\" src=\"https:\/\/www.vaniperen.com\/fr\/wp-content\/uploads\/sites\/2\/2023\/06\/Plants-for-Plants\u00ae-remporte-le-EU-LIFE-Award-2023-dans-la-categorie-Environnement-2-1024x724.jpg\" alt=\"\" width=\"800\" height=\"566\" \/><\/p>\n<p>Plants for Plants\u00ae repr\u00e9sente une initiative qui change les r\u00e8gles du jeu en introduisant une gamme de biostimulants \u00e0 base de plantes qui am\u00e9liorent les performances des cultures et promeuvent des techniques agricoles durables. Gr\u00e2ce \u00e0 des recherches approfondies et \u00e0 <strong>des essais sur le terrain pendant 10 ans<\/strong>, Plants for Plants\u00ae a d\u00e9montr\u00e9 des r\u00e9sultats exceptionnels dans divers secteurs agricoles. Le projet a non seulement fourni des avantages tangibles aux agriculteurs, mais a \u00e9galement mis en \u00e9vidence son impact positif sur la biodiversit\u00e9 des sols.<\/p>\n<p>Au milieu des conditions m\u00e9t\u00e9orologiques s\u00e8ches en cours en Europe, les agriculteurs sont confront\u00e9s au d\u00e9fi de la p\u00e9nurie d&rsquo;eau et du stress de la s\u00e9cheresse. C&rsquo;est pr\u00e9cis\u00e9ment pendant cette p\u00e9riode critique que la puissance de Plants for Plants\u00ae devient indispensable. Notre gamme de biostimulants \u00e0 base de plantes, y compris <strong><a href=\"https:\/\/www.vaniperen.com\/fr\/produits\/plants-for-plants-4-good\/\" target=\"_blank\" rel=\"noopener\">Plants for Plants\u00ae 4-Good<\/a>, <a href=\"https:\/\/www.vaniperen.com\/fr\/produits\/plants-for-plants-4-vita\/\" target=\"_blank\" rel=\"noopener\">4-Vita <\/a><\/strong>et <a href=\"https:\/\/www.vaniperen.com\/fr\/produits\/plants-for-plants-4-terra\/\" target=\"_blank\" rel=\"noopener\"><strong>4-Terra<\/strong><\/a>, est sp\u00e9cialement con\u00e7ue pour am\u00e9liorer <a href=\"https:\/\/www.vaniperen.com\/fr\/strategie-de-gestion-de-leau-dans-les-vignobles-avec-plants-for-plants-4-vita\/\" target=\"_blank\" rel=\"noopener\"><strong>l&rsquo;Efficacit\u00e9 de l&rsquo;Utilisation de l&rsquo;Eau (WUE)<\/strong><\/a>, <a href=\"https:\/\/www.vaniperen.com\/fr\/comment-augmenter-les-performances-et-la-productivite-des-vergers-avec-plants-for-plants-4-terra\/\" target=\"_blank\" rel=\"noopener\"><strong>optimiser l&rsquo;absorption des nutriments (NUE)<\/strong><\/a> et <a href=\"https:\/\/www.vaniperen.com\/fr\/ameliorer-la-nutrition-des-pommes-de-terre-et-les-rendements-des-cultures-avec-plants-for-plants-4-good\/\" target=\"_blank\" rel=\"noopener\"><strong>pr\u00e9parer les plantes au stress li\u00e9 \u00e0 la s\u00e9cheresse<\/strong><\/a>.<\/p>\n<p>En incorporant Plants for Plants\u00ae dans leurs pratiques de culture, les agriculteurs peuvent exploiter le potentiel de la nature pour <strong>lutter contre les conditions de s\u00e9cheresse et obtenir des cultures r\u00e9sistantes et productives<\/strong>.<\/p>\n","protected":false},"excerpt":{"rendered":"<p>Van Iperen International et LandLab sont fiers d&rsquo;annoncer que leur projet commun, Plants for Plants\u00ae, a re\u00e7u le prestigieux EU&#8230;<\/p>\n","protected":false},"author":16,"featured_media":10243,"comment_status":"closed","ping_status":"closed","sticky":false,"template":"","format":"standard","meta":{"_acf_changed":false,"_trash_the_other_posts":false,"_monsterinsights_skip_tracking":false,"_monsterinsights_sitenote_active":false,"_monsterinsights_sitenote_note":"","_monsterinsights_sitenote_category":0,"editor_notices":[],"footnotes":""},"class_list":["post-10230","post","type-post","status-publish","format-standard","has-post-thumbnail","hentry"],"acf":[],"yoast_head":"<!-- This site is optimized with the Yoast SEO Premium plugin v27.3 (Yoast SEO v27.3) - https:\/\/yoast.com\/product\/yoast-seo-premium-wordpress\/ -->\n<title>Plants for Plants\u00ae remporte le EU LIFE Award 2023 dans la cat\u00e9gorie Environnement - Van Iperen France<\/title>\n<meta name=\"description\" content=\"Plants for Plants\u00ae, une nouvelle g\u00e9n\u00e9ration de biostimulants \u00e0 base de plantes, a re\u00e7u le EU LIFE Award 2023 dans la cat\u00e9gorie Environnement\" \/>\n<meta name=\"robots\" content=\"index, follow, max-snippet:-1, max-image-preview:large, max-video-preview:-1\" \/>\n<link rel=\"canonical\" href=\"https:\/\/www.vaniperen.com\/fr\/plants-for-plants-remporte-le-eu-life-award-2023-dans-la-categorie-environnement\/\" \/>\n<meta property=\"og:locale\" content=\"fr_FR\" \/>\n<meta property=\"og:type\" content=\"article\" \/>\n<meta property=\"og:title\" content=\"Plants for Plants\u00ae remporte le EU LIFE Award 2023 dans la cat\u00e9gorie Environnement\" \/>\n<meta property=\"og:description\" content=\"Plants for Plants\u00ae, une nouvelle g\u00e9n\u00e9ration de biostimulants \u00e0 base de plantes, a re\u00e7u le EU LIFE Award 2023 dans la cat\u00e9gorie Environnement\" \/>\n<meta property=\"og:url\" content=\"https:\/\/www.vaniperen.com\/fr\/plants-for-plants-remporte-le-eu-life-award-2023-dans-la-categorie-environnement\/\" \/>\n<meta property=\"og:site_name\" content=\"Van Iperen France\" \/>\n<meta property=\"article:published_time\" content=\"2023-06-08T09:24:45+00:00\" \/>\n<meta property=\"article:modified_time\" content=\"2023-07-19T11:41:12+00:00\" \/>\n<meta property=\"og:image\" content=\"https:\/\/www.vaniperen.com\/fr\/wp-content\/uploads\/sites\/2\/2023\/06\/VII-FR-P4P-wins-LIFE-Award-2023-400px.png?image-crop-positioner-ts=1686226036\" \/>\n\t<meta property=\"og:image:width\" content=\"2083\" \/>\n\t<meta property=\"og:image:height\" content=\"2083\" \/>\n\t<meta property=\"og:image:type\" content=\"image\/png\" \/>\n<meta name=\"author\" content=\"Pedro Larios\" \/>\n<meta name=\"twitter:card\" content=\"summary_large_image\" \/>\n<meta name=\"twitter:label1\" content=\"\u00c9crit par\" \/>\n\t<meta name=\"twitter:data1\" content=\"Pedro Larios\" \/>\n\t<meta name=\"twitter:label2\" content=\"Dur\u00e9e de lecture estim\u00e9e\" \/>\n\t<meta name=\"twitter:data2\" content=\"4 minutes\" \/>\n<script type=\"application\/ld+json\" class=\"yoast-schema-graph\">{\"@context\":\"https:\\\/\\\/schema.org\",\"@graph\":[{\"@type\":\"Article\",\"@id\":\"https:\\\/\\\/www.vaniperen.com\\\/fr\\\/plants-for-plants-remporte-le-eu-life-award-2023-dans-la-categorie-environnement\\\/#article\",\"isPartOf\":{\"@id\":\"https:\\\/\\\/www.vaniperen.com\\\/fr\\\/plants-for-plants-remporte-le-eu-life-award-2023-dans-la-categorie-environnement\\\/\"},\"author\":{\"name\":\"Pedro Larios\",\"@id\":\"https:\\\/\\\/www.vaniperen.com\\\/fr\\\/#\\\/schema\\\/person\\\/90e2a22c89a46d7372af784d14cf67cb\"},\"headline\":\"Plants for Plants\u00ae remporte le EU LIFE Award 2023 dans la cat\u00e9gorie Environnement\",\"datePublished\":\"2023-06-08T09:24:45+00:00\",\"dateModified\":\"2023-07-19T11:41:12+00:00\",\"mainEntityOfPage\":{\"@id\":\"https:\\\/\\\/www.vaniperen.com\\\/fr\\\/plants-for-plants-remporte-le-eu-life-award-2023-dans-la-categorie-environnement\\\/\"},\"wordCount\":701,\"image\":{\"@id\":\"https:\\\/\\\/www.vaniperen.com\\\/fr\\\/plants-for-plants-remporte-le-eu-life-award-2023-dans-la-categorie-environnement\\\/#primaryimage\"},\"thumbnailUrl\":\"https:\\\/\\\/www.vaniperen.com\\\/fr\\\/wp-content\\\/uploads\\\/sites\\\/2\\\/2023\\\/06\\\/VII-FR-P4P-wins-LIFE-Award-2023-400px.png?image-crop-positioner-ts=1686226036\",\"inLanguage\":\"fr-FR\"},{\"@type\":\"WebPage\",\"@id\":\"https:\\\/\\\/www.vaniperen.com\\\/fr\\\/plants-for-plants-remporte-le-eu-life-award-2023-dans-la-categorie-environnement\\\/\",\"url\":\"https:\\\/\\\/www.vaniperen.com\\\/fr\\\/plants-for-plants-remporte-le-eu-life-award-2023-dans-la-categorie-environnement\\\/\",\"name\":\"Plants for Plants\u00ae remporte le EU LIFE Award 2023 dans la cat\u00e9gorie Environnement - Van Iperen France\",\"isPartOf\":{\"@id\":\"https:\\\/\\\/www.vaniperen.com\\\/fr\\\/#website\"},\"primaryImageOfPage\":{\"@id\":\"https:\\\/\\\/www.vaniperen.com\\\/fr\\\/plants-for-plants-remporte-le-eu-life-award-2023-dans-la-categorie-environnement\\\/#primaryimage\"},\"image\":{\"@id\":\"https:\\\/\\\/www.vaniperen.com\\\/fr\\\/plants-for-plants-remporte-le-eu-life-award-2023-dans-la-categorie-environnement\\\/#primaryimage\"},\"thumbnailUrl\":\"https:\\\/\\\/www.vaniperen.com\\\/fr\\\/wp-content\\\/uploads\\\/sites\\\/2\\\/2023\\\/06\\\/VII-FR-P4P-wins-LIFE-Award-2023-400px.png?image-crop-positioner-ts=1686226036\",\"datePublished\":\"2023-06-08T09:24:45+00:00\",\"dateModified\":\"2023-07-19T11:41:12+00:00\",\"author\":{\"@id\":\"https:\\\/\\\/www.vaniperen.com\\\/fr\\\/#\\\/schema\\\/person\\\/90e2a22c89a46d7372af784d14cf67cb\"},\"description\":\"Plants for Plants\u00ae, une nouvelle g\u00e9n\u00e9ration de biostimulants \u00e0 base de plantes, a re\u00e7u le EU LIFE Award 2023 dans la cat\u00e9gorie Environnement\",\"breadcrumb\":{\"@id\":\"https:\\\/\\\/www.vaniperen.com\\\/fr\\\/plants-for-plants-remporte-le-eu-life-award-2023-dans-la-categorie-environnement\\\/#breadcrumb\"},\"inLanguage\":\"fr-FR\",\"potentialAction\":[{\"@type\":\"ReadAction\",\"target\":[\"https:\\\/\\\/www.vaniperen.com\\\/fr\\\/plants-for-plants-remporte-le-eu-life-award-2023-dans-la-categorie-environnement\\\/\"]}]},{\"@type\":\"ImageObject\",\"inLanguage\":\"fr-FR\",\"@id\":\"https:\\\/\\\/www.vaniperen.com\\\/fr\\\/plants-for-plants-remporte-le-eu-life-award-2023-dans-la-categorie-environnement\\\/#primaryimage\",\"url\":\"https:\\\/\\\/www.vaniperen.com\\\/fr\\\/wp-content\\\/uploads\\\/sites\\\/2\\\/2023\\\/06\\\/VII-FR-P4P-wins-LIFE-Award-2023-400px.png?image-crop-positioner-ts=1686226036\",\"contentUrl\":\"https:\\\/\\\/www.vaniperen.com\\\/fr\\\/wp-content\\\/uploads\\\/sites\\\/2\\\/2023\\\/06\\\/VII-FR-P4P-wins-LIFE-Award-2023-400px.png?image-crop-positioner-ts=1686226036\",\"width\":2083,\"height\":2083},{\"@type\":\"BreadcrumbList\",\"@id\":\"https:\\\/\\\/www.vaniperen.com\\\/fr\\\/plants-for-plants-remporte-le-eu-life-award-2023-dans-la-categorie-environnement\\\/#breadcrumb\",\"itemListElement\":[{\"@type\":\"ListItem\",\"position\":1,\"name\":\"Home\",\"item\":\"https:\\\/\\\/www.vaniperen.com\\\/fr\\\/\"},{\"@type\":\"ListItem\",\"position\":2,\"name\":\"Plants for Plants\u00ae remporte le EU LIFE Award 2023 dans la cat\u00e9gorie Environnement\"}]},{\"@type\":\"WebSite\",\"@id\":\"https:\\\/\\\/www.vaniperen.com\\\/fr\\\/#website\",\"url\":\"https:\\\/\\\/www.vaniperen.com\\\/fr\\\/\",\"name\":\"Van Iperen France\",\"description\":\"Just another WordPress site\",\"potentialAction\":[{\"@type\":\"SearchAction\",\"target\":{\"@type\":\"EntryPoint\",\"urlTemplate\":\"https:\\\/\\\/www.vaniperen.com\\\/fr\\\/?s={search_term_string}\"},\"query-input\":{\"@type\":\"PropertyValueSpecification\",\"valueRequired\":true,\"valueName\":\"search_term_string\"}}],\"inLanguage\":\"fr-FR\"},{\"@type\":\"Person\",\"@id\":\"https:\\\/\\\/www.vaniperen.com\\\/fr\\\/#\\\/schema\\\/person\\\/90e2a22c89a46d7372af784d14cf67cb\",\"name\":\"Pedro Larios\",\"image\":{\"@type\":\"ImageObject\",\"inLanguage\":\"fr-FR\",\"@id\":\"https:\\\/\\\/secure.gravatar.com\\\/avatar\\\/3b35a5715f1da7715f2921bdf2f098947f963601167c455edcae8d7ff2ae84fd?s=96&d=mm&r=g\",\"url\":\"https:\\\/\\\/secure.gravatar.com\\\/avatar\\\/3b35a5715f1da7715f2921bdf2f098947f963601167c455edcae8d7ff2ae84fd?s=96&d=mm&r=g\",\"contentUrl\":\"https:\\\/\\\/secure.gravatar.com\\\/avatar\\\/3b35a5715f1da7715f2921bdf2f098947f963601167c455edcae8d7ff2ae84fd?s=96&d=mm&r=g\",\"caption\":\"Pedro Larios\"},\"url\":\"https:\\\/\\\/www.vaniperen.com\\\/fr\\\/author\\\/pedro\\\/\"}]}<\/script>\n<!-- \/ Yoast SEO Premium plugin. -->","yoast_head_json":{"title":"Plants for Plants\u00ae remporte le EU LIFE Award 2023 dans la cat\u00e9gorie Environnement - Van Iperen France","description":"Plants for Plants\u00ae, une nouvelle g\u00e9n\u00e9ration de biostimulants \u00e0 base de plantes, a re\u00e7u le EU LIFE Award 2023 dans la cat\u00e9gorie Environnement","robots":{"index":"index","follow":"follow","max-snippet":"max-snippet:-1","max-image-preview":"max-image-preview:large","max-video-preview":"max-video-preview:-1"},"canonical":"https:\/\/www.vaniperen.com\/fr\/plants-for-plants-remporte-le-eu-life-award-2023-dans-la-categorie-environnement\/","og_locale":"fr_FR","og_type":"article","og_title":"Plants for Plants\u00ae remporte le EU LIFE Award 2023 dans la cat\u00e9gorie Environnement","og_description":"Plants for Plants\u00ae, une nouvelle g\u00e9n\u00e9ration de biostimulants \u00e0 base de plantes, a re\u00e7u le EU LIFE Award 2023 dans la cat\u00e9gorie Environnement","og_url":"https:\/\/www.vaniperen.com\/fr\/plants-for-plants-remporte-le-eu-life-award-2023-dans-la-categorie-environnement\/","og_site_name":"Van Iperen France","article_published_time":"2023-06-08T09:24:45+00:00","article_modified_time":"2023-07-19T11:41:12+00:00","og_image":[{"width":2083,"height":2083,"url":"https:\/\/www.vaniperen.com\/fr\/wp-content\/uploads\/sites\/2\/2023\/06\/VII-FR-P4P-wins-LIFE-Award-2023-400px.png?image-crop-positioner-ts=1686226036","type":"image\/png"}],"author":"Pedro Larios","twitter_card":"summary_large_image","twitter_misc":{"\u00c9crit par":"Pedro Larios","Dur\u00e9e de lecture estim\u00e9e":"4 minutes"},"schema":{"@context":"https:\/\/schema.org","@graph":[{"@type":"Article","@id":"https:\/\/www.vaniperen.com\/fr\/plants-for-plants-remporte-le-eu-life-award-2023-dans-la-categorie-environnement\/#article","isPartOf":{"@id":"https:\/\/www.vaniperen.com\/fr\/plants-for-plants-remporte-le-eu-life-award-2023-dans-la-categorie-environnement\/"},"author":{"name":"Pedro Larios","@id":"https:\/\/www.vaniperen.com\/fr\/#\/schema\/person\/90e2a22c89a46d7372af784d14cf67cb"},"headline":"Plants for Plants\u00ae remporte le EU LIFE Award 2023 dans la cat\u00e9gorie Environnement","datePublished":"2023-06-08T09:24:45+00:00","dateModified":"2023-07-19T11:41:12+00:00","mainEntityOfPage":{"@id":"https:\/\/www.vaniperen.com\/fr\/plants-for-plants-remporte-le-eu-life-award-2023-dans-la-categorie-environnement\/"},"wordCount":701,"image":{"@id":"https:\/\/www.vaniperen.com\/fr\/plants-for-plants-remporte-le-eu-life-award-2023-dans-la-categorie-environnement\/#primaryimage"},"thumbnailUrl":"https:\/\/www.vaniperen.com\/fr\/wp-content\/uploads\/sites\/2\/2023\/06\/VII-FR-P4P-wins-LIFE-Award-2023-400px.png?image-crop-positioner-ts=1686226036","inLanguage":"fr-FR"},{"@type":"WebPage","@id":"https:\/\/www.vaniperen.com\/fr\/plants-for-plants-remporte-le-eu-life-award-2023-dans-la-categorie-environnement\/","url":"https:\/\/www.vaniperen.com\/fr\/plants-for-plants-remporte-le-eu-life-award-2023-dans-la-categorie-environnement\/","name":"Plants for Plants\u00ae remporte le EU LIFE Award 2023 dans la cat\u00e9gorie Environnement - Van Iperen France","isPartOf":{"@id":"https:\/\/www.vaniperen.com\/fr\/#website"},"primaryImageOfPage":{"@id":"https:\/\/www.vaniperen.com\/fr\/plants-for-plants-remporte-le-eu-life-award-2023-dans-la-categorie-environnement\/#primaryimage"},"image":{"@id":"https:\/\/www.vaniperen.com\/fr\/plants-for-plants-remporte-le-eu-life-award-2023-dans-la-categorie-environnement\/#primaryimage"},"thumbnailUrl":"https:\/\/www.vaniperen.com\/fr\/wp-content\/uploads\/sites\/2\/2023\/06\/VII-FR-P4P-wins-LIFE-Award-2023-400px.png?image-crop-positioner-ts=1686226036","datePublished":"2023-06-08T09:24:45+00:00","dateModified":"2023-07-19T11:41:12+00:00","author":{"@id":"https:\/\/www.vaniperen.com\/fr\/#\/schema\/person\/90e2a22c89a46d7372af784d14cf67cb"},"description":"Plants for Plants\u00ae, une nouvelle g\u00e9n\u00e9ration de biostimulants \u00e0 base de plantes, a re\u00e7u le EU LIFE Award 2023 dans la cat\u00e9gorie Environnement","breadcrumb":{"@id":"https:\/\/www.vaniperen.com\/fr\/plants-for-plants-remporte-le-eu-life-award-2023-dans-la-categorie-environnement\/#breadcrumb"},"inLanguage":"fr-FR","potentialAction":[{"@type":"ReadAction","target":["https:\/\/www.vaniperen.com\/fr\/plants-for-plants-remporte-le-eu-life-award-2023-dans-la-categorie-environnement\/"]}]},{"@type":"ImageObject","inLanguage":"fr-FR","@id":"https:\/\/www.vaniperen.com\/fr\/plants-for-plants-remporte-le-eu-life-award-2023-dans-la-categorie-environnement\/#primaryimage","url":"https:\/\/www.vaniperen.com\/fr\/wp-content\/uploads\/sites\/2\/2023\/06\/VII-FR-P4P-wins-LIFE-Award-2023-400px.png?image-crop-positioner-ts=1686226036","contentUrl":"https:\/\/www.vaniperen.com\/fr\/wp-content\/uploads\/sites\/2\/2023\/06\/VII-FR-P4P-wins-LIFE-Award-2023-400px.png?image-crop-positioner-ts=1686226036","width":2083,"height":2083},{"@type":"BreadcrumbList","@id":"https:\/\/www.vaniperen.com\/fr\/plants-for-plants-remporte-le-eu-life-award-2023-dans-la-categorie-environnement\/#breadcrumb","itemListElement":[{"@type":"ListItem","position":1,"name":"Home","item":"https:\/\/www.vaniperen.com\/fr\/"},{"@type":"ListItem","position":2,"name":"Plants for Plants\u00ae remporte le EU LIFE Award 2023 dans la cat\u00e9gorie Environnement"}]},{"@type":"WebSite","@id":"https:\/\/www.vaniperen.com\/fr\/#website","url":"https:\/\/www.vaniperen.com\/fr\/","name":"Van Iperen France","description":"Just another WordPress site","potentialAction":[{"@type":"SearchAction","target":{"@type":"EntryPoint","urlTemplate":"https:\/\/www.vaniperen.com\/fr\/?s={search_term_string}"},"query-input":{"@type":"PropertyValueSpecification","valueRequired":true,"valueName":"search_term_string"}}],"inLanguage":"fr-FR"},{"@type":"Person","@id":"https:\/\/www.vaniperen.com\/fr\/#\/schema\/person\/90e2a22c89a46d7372af784d14cf67cb","name":"Pedro Larios","image":{"@type":"ImageObject","inLanguage":"fr-FR","@id":"https:\/\/secure.gravatar.com\/avatar\/3b35a5715f1da7715f2921bdf2f098947f963601167c455edcae8d7ff2ae84fd?s=96&d=mm&r=g","url":"https:\/\/secure.gravatar.com\/avatar\/3b35a5715f1da7715f2921bdf2f098947f963601167c455edcae8d7ff2ae84fd?s=96&d=mm&r=g","contentUrl":"https:\/\/secure.gravatar.com\/avatar\/3b35a5715f1da7715f2921bdf2f098947f963601167c455edcae8d7ff2ae84fd?s=96&d=mm&r=g","caption":"Pedro Larios"},"url":"https:\/\/www.vaniperen.com\/fr\/author\/pedro\/"}]}},"_links":{"self":[{"href":"https:\/\/www.vaniperen.com\/fr\/wp-json\/wp\/v2\/posts\/10230","targetHints":{"allow":["GET"]}}],"collection":[{"href":"https:\/\/www.vaniperen.com\/fr\/wp-json\/wp\/v2\/posts"}],"about":[{"href":"https:\/\/www.vaniperen.com\/fr\/wp-json\/wp\/v2\/types\/post"}],"author":[{"embeddable":true,"href":"https:\/\/www.vaniperen.com\/fr\/wp-json\/wp\/v2\/users\/16"}],"replies":[{"embeddable":true,"href":"https:\/\/www.vaniperen.com\/fr\/wp-json\/wp\/v2\/comments?post=10230"}],"version-history":[{"count":6,"href":"https:\/\/www.vaniperen.com\/fr\/wp-json\/wp\/v2\/posts\/10230\/revisions"}],"predecessor-version":[{"id":10267,"href":"https:\/\/www.vaniperen.com\/fr\/wp-json\/wp\/v2\/posts\/10230\/revisions\/10267"}],"wp:featuredmedia":[{"embeddable":true,"href":"https:\/\/www.vaniperen.com\/fr\/wp-json\/wp\/v2\/media\/10243"}],"wp:attachment":[{"href":"https:\/\/www.vaniperen.com\/fr\/wp-json\/wp\/v2\/media?parent=10230"}],"curies":[{"name":"wp","href":"https:\/\/api.w.org\/{rel}","templated":true}]}}