{"id":6573,"date":"2021-04-30T10:34:16","date_gmt":"2021-04-30T08:34:16","guid":{"rendered":"https:\/\/www.vaniperen.com\/es\/?p=6573"},"modified":"2021-05-12T11:03:52","modified_gmt":"2021-05-12T09:03:52","slug":"embajador-paises-bajos-visita-hortivoire","status":"publish","type":"post","link":"https:\/\/www.vaniperen.com\/es\/embajador-paises-bajos-visita-hortivoire\/","title":{"rendered":"El embajador de los Pa\u00edses Bajos en Costa de Marfil visita HortIvoire"},"content":{"rendered":"<p><img loading=\"lazy\" decoding=\"async\" class=\"size-full wp-image-18972 aligncenter\" src=\"https:\/\/www.vaniperen.com\/wp-content\/uploads\/2021\/04\/HortIvoire-Dutch-Ambassador-visit-2.jpg\" alt=\"\" width=\"1024\" height=\"514\" \/><\/p>\n<p><span data-preserver-spaces=\"true\"><a href=\"https:\/\/hortivoire.org\/\">HortIvoire<\/a> <\/span>recibi\u00f3 la visita de Yvette Daoud, embajadora de los Pa\u00edses Bajos en Costa de Marfil. Coincidiendo con la \u00faltima parte del programa educativo, Yvette Daoud tuvo la oportunidad de visitar las instalaciones del centro de formaci\u00f3n, incluidos los invernaderos, intercambiar impresiones con los formadores y comprobar el primer rendimiento alcanzado por los alumnos.<\/p>\n<p>La Embajada de los Pa\u00edses Bajos apoya esta iniciativa a trav\u00e9s de las subvenciones de RVO (Rijksdienst voor Ondernemend Nederland). Junto con otros socios, HortIvoire ofrece un programa pr\u00e1ctico que pretende apoyar el empleo social en Costa de Marfil proporcionando educaci\u00f3n y formaci\u00f3n a j\u00f3venes agricultores y mujeres a lo largo de un programa de seis meses.<\/p>\n<p>Al facilitar el acceso de las mujeres al programa, HortIvoire apuesta por la educaci\u00f3n como motor social para este grupo vulnerable. La idea consiste en capacitar a las mujeres para que se incorporen al mercado laboral y obtengan unos ingresos dignos.<\/p>\n<p><img loading=\"lazy\" decoding=\"async\" class=\"size-full wp-image-18973 aligncenter\" src=\"https:\/\/www.vaniperen.com\/wp-content\/uploads\/2021\/04\/HortIvoire-Dutch-Ambassador-visit.jpg\" alt=\"\" width=\"1021\" height=\"570\" \/><\/p>\n<p><strong><u>Segunda edici\u00f3n del programa HortIvoire<\/u><\/strong><\/p>\n<p>Tras el \u00e9xito del primer programa de formaci\u00f3n, HortIvoire est\u00e1 preparado para recibir a nuevos j\u00f3venes cultivadores \u00a1deseosos de aprender en Costa de Marfil! La pr\u00f3xima formaci\u00f3n del proyecto HortIvoire <a href=\"https:\/\/hortivoire.org\/2021\/04\/16\/sign-up-now\/\">comenzar\u00e1 el 8 de mayo<\/a>.<\/p>\n<p>En la pr\u00f3xima edici\u00f3n, los alumnos adquirir\u00e1n mejores conocimientos sobre pr\u00e1cticas agron\u00f3micas sostenibles para diversificar los tipos de cultivos existentes en Costa de Marfil. Este programa tendr\u00e1 lugar en el centro de formaci\u00f3n de las instalaciones del INFPA en Ti\u00e9bissou.<\/p>\n<p>Adem\u00e1s de la ense\u00f1anza impartida en los centros de formaci\u00f3n, el programa incluye jornadas de campo y visitas a explotaciones hort\u00edcolas de Costa de Marfil para conocer las mejores pr\u00e1cticas e ingredientes utilizados por los productores. Los m\u00f3dulos de formaci\u00f3n son, entre otros, los siguientes:<\/p>\n<ul>\n<li>Construcci\u00f3n e instalaci\u00f3n de invernaderos<\/li>\n<li>Variedades de vegetales, semillas y pl\u00e1ntulas<\/li>\n<li>V\u00edas de aprendizaje t\u00e9cnico<\/li>\n<li>Fertilizaci\u00f3n, riego y sustratos<\/li>\n<li>Enfermedades, plagas y protecci\u00f3n de los cultivos<\/li>\n<li>Mantenimiento de los cultivos y equipos<\/li>\n<li>Gesti\u00f3n de explotaciones agr\u00edcolas<\/li>\n<li>Esp\u00edritu empresarial<\/li>\n<li>Compatibilidad general y anal\u00edtica<\/li>\n<li>Comercializaci\u00f3n<\/li>\n<li>Desarrollo de un plan de negocio<\/li>\n<\/ul>\n<p>De este modo, los participantes pueden adquirir amplios conocimientos y pr\u00e1cticas para dirigir una explotaci\u00f3n hort\u00edcola por s\u00ed mismos o ser contratados por una empresa.<\/p>\n<p><span data-preserver-spaces=\"true\">Van Iperen International forma parte de HortIvoire. <\/span>Lea m\u00e1s sobre la segunda edici\u00f3n del programa de formaci\u00f3n y c\u00f3mo inscribirse aqu\u00ed: <a href=\"https:\/\/hortivoire.org\/admission\/\">www.hortivoire.org\/admission\/\u00a0<\/a><\/p>\n","protected":false},"excerpt":{"rendered":"<p>HortIvoire recibi\u00f3 la visita de Yvette Daoud, embajadora de los Pa\u00edses Bajos en Costa de Marfil. Coincidiendo con la \u00faltima&#8230;<\/p>\n","protected":false},"author":16,"featured_media":6576,"comment_status":"closed","ping_status":"closed","sticky":false,"template":"","format":"standard","meta":{"_acf_changed":false,"_trash_the_other_posts":false,"_monsterinsights_skip_tracking":false,"_monsterinsights_sitenote_active":false,"_monsterinsights_sitenote_note":"","_monsterinsights_sitenote_category":0,"editor_notices":[],"footnotes":""},"class_list":["post-6573","post","type-post","status-publish","format-standard","has-post-thumbnail","hentry"],"acf":[],"yoast_head":"<!-- This site is optimized with the Yoast SEO Premium plugin v27.3 (Yoast SEO v27.3) - https:\/\/yoast.com\/product\/yoast-seo-premium-wordpress\/ -->\n<title>El embajador de los Pa\u00edses Bajos en Costa de Marfil visita HortIvoire - Van Iperen Espa\u00f1ol<\/title>\n<meta name=\"description\" content=\"HortIvoire recibi\u00f3 la visita de Yvette Daoud, Embajadora del Reino de los Pa\u00edses Bajos en C\u00f4te d&#039;Ivoire\" \/>\n<meta name=\"robots\" content=\"index, follow, max-snippet:-1, max-image-preview:large, max-video-preview:-1\" \/>\n<link rel=\"canonical\" href=\"https:\/\/www.vaniperen.com\/es\/embajador-paises-bajos-visita-hortivoire\/\" \/>\n<meta property=\"og:locale\" content=\"es_ES\" \/>\n<meta property=\"og:type\" content=\"article\" \/>\n<meta property=\"og:title\" content=\"El embajador de los Pa\u00edses Bajos en Costa de Marfil visita HortIvoire\" \/>\n<meta property=\"og:description\" content=\"HortIvoire recibi\u00f3 la visita de Yvette Daoud, Embajadora del Reino de los Pa\u00edses Bajos en C\u00f4te d&#039;Ivoire\" \/>\n<meta property=\"og:url\" content=\"https:\/\/www.vaniperen.com\/es\/embajador-paises-bajos-visita-hortivoire\/\" \/>\n<meta property=\"og:site_name\" content=\"Van Iperen Espa\u00f1ol\" \/>\n<meta property=\"article:published_time\" content=\"2021-04-30T08:34:16+00:00\" \/>\n<meta property=\"article:modified_time\" content=\"2021-05-12T09:03:52+00:00\" \/>\n<meta property=\"og:image\" content=\"https:\/\/www.vaniperen.com\/es\/wp-content\/uploads\/sites\/3\/2021\/05\/HortIvoire-Dutch-Ambassador-visit.jpg\" \/>\n\t<meta property=\"og:image:width\" content=\"1021\" \/>\n\t<meta property=\"og:image:height\" content=\"570\" \/>\n\t<meta property=\"og:image:type\" content=\"image\/jpeg\" \/>\n<meta name=\"author\" content=\"Pedro Larios\" \/>\n<meta name=\"twitter:card\" content=\"summary_large_image\" \/>\n<meta name=\"twitter:label1\" content=\"Escrito por\" \/>\n\t<meta name=\"twitter:data1\" content=\"Pedro Larios\" \/>\n\t<meta name=\"twitter:label2\" content=\"Tiempo de lectura\" \/>\n\t<meta name=\"twitter:data2\" content=\"2 minutos\" \/>\n<script type=\"application\/ld+json\" class=\"yoast-schema-graph\">{\"@context\":\"https:\\\/\\\/schema.org\",\"@graph\":[{\"@type\":\"Article\",\"@id\":\"https:\\\/\\\/www.vaniperen.com\\\/es\\\/embajador-paises-bajos-visita-hortivoire\\\/#article\",\"isPartOf\":{\"@id\":\"https:\\\/\\\/www.vaniperen.com\\\/es\\\/embajador-paises-bajos-visita-hortivoire\\\/\"},\"author\":{\"name\":\"Pedro Larios\",\"@id\":\"https:\\\/\\\/www.vaniperen.com\\\/es\\\/#\\\/schema\\\/person\\\/90e2a22c89a46d7372af784d14cf67cb\"},\"headline\":\"El embajador de los Pa\u00edses Bajos en Costa de Marfil visita HortIvoire\",\"datePublished\":\"2021-04-30T08:34:16+00:00\",\"dateModified\":\"2021-05-12T09:03:52+00:00\",\"mainEntityOfPage\":{\"@id\":\"https:\\\/\\\/www.vaniperen.com\\\/es\\\/embajador-paises-bajos-visita-hortivoire\\\/\"},\"wordCount\":435,\"image\":{\"@id\":\"https:\\\/\\\/www.vaniperen.com\\\/es\\\/embajador-paises-bajos-visita-hortivoire\\\/#primaryimage\"},\"thumbnailUrl\":\"https:\\\/\\\/www.vaniperen.com\\\/es\\\/wp-content\\\/uploads\\\/sites\\\/3\\\/2021\\\/05\\\/HortIvoire-Dutch-Ambassador-visit.jpg\",\"inLanguage\":\"es\"},{\"@type\":\"WebPage\",\"@id\":\"https:\\\/\\\/www.vaniperen.com\\\/es\\\/embajador-paises-bajos-visita-hortivoire\\\/\",\"url\":\"https:\\\/\\\/www.vaniperen.com\\\/es\\\/embajador-paises-bajos-visita-hortivoire\\\/\",\"name\":\"El embajador de los Pa\u00edses Bajos en Costa de Marfil visita HortIvoire - Van Iperen Espa\u00f1ol\",\"isPartOf\":{\"@id\":\"https:\\\/\\\/www.vaniperen.com\\\/es\\\/#website\"},\"primaryImageOfPage\":{\"@id\":\"https:\\\/\\\/www.vaniperen.com\\\/es\\\/embajador-paises-bajos-visita-hortivoire\\\/#primaryimage\"},\"image\":{\"@id\":\"https:\\\/\\\/www.vaniperen.com\\\/es\\\/embajador-paises-bajos-visita-hortivoire\\\/#primaryimage\"},\"thumbnailUrl\":\"https:\\\/\\\/www.vaniperen.com\\\/es\\\/wp-content\\\/uploads\\\/sites\\\/3\\\/2021\\\/05\\\/HortIvoire-Dutch-Ambassador-visit.jpg\",\"datePublished\":\"2021-04-30T08:34:16+00:00\",\"dateModified\":\"2021-05-12T09:03:52+00:00\",\"author\":{\"@id\":\"https:\\\/\\\/www.vaniperen.com\\\/es\\\/#\\\/schema\\\/person\\\/90e2a22c89a46d7372af784d14cf67cb\"},\"description\":\"HortIvoire recibi\u00f3 la visita de Yvette Daoud, Embajadora del Reino de los Pa\u00edses Bajos en C\u00f4te d'Ivoire\",\"breadcrumb\":{\"@id\":\"https:\\\/\\\/www.vaniperen.com\\\/es\\\/embajador-paises-bajos-visita-hortivoire\\\/#breadcrumb\"},\"inLanguage\":\"es\",\"potentialAction\":[{\"@type\":\"ReadAction\",\"target\":[\"https:\\\/\\\/www.vaniperen.com\\\/es\\\/embajador-paises-bajos-visita-hortivoire\\\/\"]}]},{\"@type\":\"ImageObject\",\"inLanguage\":\"es\",\"@id\":\"https:\\\/\\\/www.vaniperen.com\\\/es\\\/embajador-paises-bajos-visita-hortivoire\\\/#primaryimage\",\"url\":\"https:\\\/\\\/www.vaniperen.com\\\/es\\\/wp-content\\\/uploads\\\/sites\\\/3\\\/2021\\\/05\\\/HortIvoire-Dutch-Ambassador-visit.jpg\",\"contentUrl\":\"https:\\\/\\\/www.vaniperen.com\\\/es\\\/wp-content\\\/uploads\\\/sites\\\/3\\\/2021\\\/05\\\/HortIvoire-Dutch-Ambassador-visit.jpg\",\"width\":1021,\"height\":570},{\"@type\":\"BreadcrumbList\",\"@id\":\"https:\\\/\\\/www.vaniperen.com\\\/es\\\/embajador-paises-bajos-visita-hortivoire\\\/#breadcrumb\",\"itemListElement\":[{\"@type\":\"ListItem\",\"position\":1,\"name\":\"Home\",\"item\":\"https:\\\/\\\/www.vaniperen.com\\\/es\\\/\"},{\"@type\":\"ListItem\",\"position\":2,\"name\":\"El embajador de los Pa\u00edses Bajos en Costa de Marfil visita HortIvoire\"}]},{\"@type\":\"WebSite\",\"@id\":\"https:\\\/\\\/www.vaniperen.com\\\/es\\\/#website\",\"url\":\"https:\\\/\\\/www.vaniperen.com\\\/es\\\/\",\"name\":\"Van Iperen Espa\u00f1ol\",\"description\":\"Just another WordPress site\",\"potentialAction\":[{\"@type\":\"SearchAction\",\"target\":{\"@type\":\"EntryPoint\",\"urlTemplate\":\"https:\\\/\\\/www.vaniperen.com\\\/es\\\/?s={search_term_string}\"},\"query-input\":{\"@type\":\"PropertyValueSpecification\",\"valueRequired\":true,\"valueName\":\"search_term_string\"}}],\"inLanguage\":\"es\"},{\"@type\":\"Person\",\"@id\":\"https:\\\/\\\/www.vaniperen.com\\\/es\\\/#\\\/schema\\\/person\\\/90e2a22c89a46d7372af784d14cf67cb\",\"name\":\"Pedro Larios\",\"image\":{\"@type\":\"ImageObject\",\"inLanguage\":\"es\",\"@id\":\"https:\\\/\\\/secure.gravatar.com\\\/avatar\\\/3b35a5715f1da7715f2921bdf2f098947f963601167c455edcae8d7ff2ae84fd?s=96&d=mm&r=g\",\"url\":\"https:\\\/\\\/secure.gravatar.com\\\/avatar\\\/3b35a5715f1da7715f2921bdf2f098947f963601167c455edcae8d7ff2ae84fd?s=96&d=mm&r=g\",\"contentUrl\":\"https:\\\/\\\/secure.gravatar.com\\\/avatar\\\/3b35a5715f1da7715f2921bdf2f098947f963601167c455edcae8d7ff2ae84fd?s=96&d=mm&r=g\",\"caption\":\"Pedro Larios\"},\"url\":\"https:\\\/\\\/www.vaniperen.com\\\/es\\\/author\\\/pedro\\\/\"}]}<\/script>\n<!-- \/ Yoast SEO Premium plugin. -->","yoast_head_json":{"title":"El embajador de los Pa\u00edses Bajos en Costa de Marfil visita HortIvoire - Van Iperen Espa\u00f1ol","description":"HortIvoire recibi\u00f3 la visita de Yvette Daoud, Embajadora del Reino de los Pa\u00edses Bajos en C\u00f4te d'Ivoire","robots":{"index":"index","follow":"follow","max-snippet":"max-snippet:-1","max-image-preview":"max-image-preview:large","max-video-preview":"max-video-preview:-1"},"canonical":"https:\/\/www.vaniperen.com\/es\/embajador-paises-bajos-visita-hortivoire\/","og_locale":"es_ES","og_type":"article","og_title":"El embajador de los Pa\u00edses Bajos en Costa de Marfil visita HortIvoire","og_description":"HortIvoire recibi\u00f3 la visita de Yvette Daoud, Embajadora del Reino de los Pa\u00edses Bajos en C\u00f4te d'Ivoire","og_url":"https:\/\/www.vaniperen.com\/es\/embajador-paises-bajos-visita-hortivoire\/","og_site_name":"Van Iperen Espa\u00f1ol","article_published_time":"2021-04-30T08:34:16+00:00","article_modified_time":"2021-05-12T09:03:52+00:00","og_image":[{"width":1021,"height":570,"url":"https:\/\/www.vaniperen.com\/es\/wp-content\/uploads\/sites\/3\/2021\/05\/HortIvoire-Dutch-Ambassador-visit.jpg","type":"image\/jpeg"}],"author":"Pedro Larios","twitter_card":"summary_large_image","twitter_misc":{"Escrito por":"Pedro Larios","Tiempo de lectura":"2 minutos"},"schema":{"@context":"https:\/\/schema.org","@graph":[{"@type":"Article","@id":"https:\/\/www.vaniperen.com\/es\/embajador-paises-bajos-visita-hortivoire\/#article","isPartOf":{"@id":"https:\/\/www.vaniperen.com\/es\/embajador-paises-bajos-visita-hortivoire\/"},"author":{"name":"Pedro Larios","@id":"https:\/\/www.vaniperen.com\/es\/#\/schema\/person\/90e2a22c89a46d7372af784d14cf67cb"},"headline":"El embajador de los Pa\u00edses Bajos en Costa de Marfil visita HortIvoire","datePublished":"2021-04-30T08:34:16+00:00","dateModified":"2021-05-12T09:03:52+00:00","mainEntityOfPage":{"@id":"https:\/\/www.vaniperen.com\/es\/embajador-paises-bajos-visita-hortivoire\/"},"wordCount":435,"image":{"@id":"https:\/\/www.vaniperen.com\/es\/embajador-paises-bajos-visita-hortivoire\/#primaryimage"},"thumbnailUrl":"https:\/\/www.vaniperen.com\/es\/wp-content\/uploads\/sites\/3\/2021\/05\/HortIvoire-Dutch-Ambassador-visit.jpg","inLanguage":"es"},{"@type":"WebPage","@id":"https:\/\/www.vaniperen.com\/es\/embajador-paises-bajos-visita-hortivoire\/","url":"https:\/\/www.vaniperen.com\/es\/embajador-paises-bajos-visita-hortivoire\/","name":"El embajador de los Pa\u00edses Bajos en Costa de Marfil visita HortIvoire - Van Iperen Espa\u00f1ol","isPartOf":{"@id":"https:\/\/www.vaniperen.com\/es\/#website"},"primaryImageOfPage":{"@id":"https:\/\/www.vaniperen.com\/es\/embajador-paises-bajos-visita-hortivoire\/#primaryimage"},"image":{"@id":"https:\/\/www.vaniperen.com\/es\/embajador-paises-bajos-visita-hortivoire\/#primaryimage"},"thumbnailUrl":"https:\/\/www.vaniperen.com\/es\/wp-content\/uploads\/sites\/3\/2021\/05\/HortIvoire-Dutch-Ambassador-visit.jpg","datePublished":"2021-04-30T08:34:16+00:00","dateModified":"2021-05-12T09:03:52+00:00","author":{"@id":"https:\/\/www.vaniperen.com\/es\/#\/schema\/person\/90e2a22c89a46d7372af784d14cf67cb"},"description":"HortIvoire recibi\u00f3 la visita de Yvette Daoud, Embajadora del Reino de los Pa\u00edses Bajos en C\u00f4te d'Ivoire","breadcrumb":{"@id":"https:\/\/www.vaniperen.com\/es\/embajador-paises-bajos-visita-hortivoire\/#breadcrumb"},"inLanguage":"es","potentialAction":[{"@type":"ReadAction","target":["https:\/\/www.vaniperen.com\/es\/embajador-paises-bajos-visita-hortivoire\/"]}]},{"@type":"ImageObject","inLanguage":"es","@id":"https:\/\/www.vaniperen.com\/es\/embajador-paises-bajos-visita-hortivoire\/#primaryimage","url":"https:\/\/www.vaniperen.com\/es\/wp-content\/uploads\/sites\/3\/2021\/05\/HortIvoire-Dutch-Ambassador-visit.jpg","contentUrl":"https:\/\/www.vaniperen.com\/es\/wp-content\/uploads\/sites\/3\/2021\/05\/HortIvoire-Dutch-Ambassador-visit.jpg","width":1021,"height":570},{"@type":"BreadcrumbList","@id":"https:\/\/www.vaniperen.com\/es\/embajador-paises-bajos-visita-hortivoire\/#breadcrumb","itemListElement":[{"@type":"ListItem","position":1,"name":"Home","item":"https:\/\/www.vaniperen.com\/es\/"},{"@type":"ListItem","position":2,"name":"El embajador de los Pa\u00edses Bajos en Costa de Marfil visita HortIvoire"}]},{"@type":"WebSite","@id":"https:\/\/www.vaniperen.com\/es\/#website","url":"https:\/\/www.vaniperen.com\/es\/","name":"Van Iperen Espa\u00f1ol","description":"Just another WordPress site","potentialAction":[{"@type":"SearchAction","target":{"@type":"EntryPoint","urlTemplate":"https:\/\/www.vaniperen.com\/es\/?s={search_term_string}"},"query-input":{"@type":"PropertyValueSpecification","valueRequired":true,"valueName":"search_term_string"}}],"inLanguage":"es"},{"@type":"Person","@id":"https:\/\/www.vaniperen.com\/es\/#\/schema\/person\/90e2a22c89a46d7372af784d14cf67cb","name":"Pedro Larios","image":{"@type":"ImageObject","inLanguage":"es","@id":"https:\/\/secure.gravatar.com\/avatar\/3b35a5715f1da7715f2921bdf2f098947f963601167c455edcae8d7ff2ae84fd?s=96&d=mm&r=g","url":"https:\/\/secure.gravatar.com\/avatar\/3b35a5715f1da7715f2921bdf2f098947f963601167c455edcae8d7ff2ae84fd?s=96&d=mm&r=g","contentUrl":"https:\/\/secure.gravatar.com\/avatar\/3b35a5715f1da7715f2921bdf2f098947f963601167c455edcae8d7ff2ae84fd?s=96&d=mm&r=g","caption":"Pedro Larios"},"url":"https:\/\/www.vaniperen.com\/es\/author\/pedro\/"}]}},"_links":{"self":[{"href":"https:\/\/www.vaniperen.com\/es\/wp-json\/wp\/v2\/posts\/6573","targetHints":{"allow":["GET"]}}],"collection":[{"href":"https:\/\/www.vaniperen.com\/es\/wp-json\/wp\/v2\/posts"}],"about":[{"href":"https:\/\/www.vaniperen.com\/es\/wp-json\/wp\/v2\/types\/post"}],"author":[{"embeddable":true,"href":"https:\/\/www.vaniperen.com\/es\/wp-json\/wp\/v2\/users\/16"}],"replies":[{"embeddable":true,"href":"https:\/\/www.vaniperen.com\/es\/wp-json\/wp\/v2\/comments?post=6573"}],"version-history":[{"count":5,"href":"https:\/\/www.vaniperen.com\/es\/wp-json\/wp\/v2\/posts\/6573\/revisions"}],"predecessor-version":[{"id":6626,"href":"https:\/\/www.vaniperen.com\/es\/wp-json\/wp\/v2\/posts\/6573\/revisions\/6626"}],"wp:featuredmedia":[{"embeddable":true,"href":"https:\/\/www.vaniperen.com\/es\/wp-json\/wp\/v2\/media\/6576"}],"wp:attachment":[{"href":"https:\/\/www.vaniperen.com\/es\/wp-json\/wp\/v2\/media?parent=6573"}],"curies":[{"name":"wp","href":"https:\/\/api.w.org\/{rel}","templated":true}]}}